{"id":22259,"date":"2019-02-01T11:09:37","date_gmt":"2019-02-01T11:09:37","guid":{"rendered":"http:\/\/jornalnovametropole.com.br\/wp\/?p=22259"},"modified":"2019-02-01T13:25:25","modified_gmt":"2019-02-01T13:25:25","slug":"lutador-disputa-o-mundial-nos-eua","status":"publish","type":"post","link":"https:\/\/jornalnovametropole.com.br\/wp\/lutador-disputa-o-mundial-nos-eua\/","title":{"rendered":"Lutador disputa o Mundial nos EUA"},"content":{"rendered":"<h3><img loading=\"lazy\" class=\"alignnone size-full wp-image-22266\" src=\"http:\/\/jornalnovametropole.com.br\/wp\/wp-content\/uploads\/2019\/02\/06-Lutador.jpg\" alt=\"\" width=\"900\" height=\"675\" srcset=\"https:\/\/jornalnovametropole.com.br\/wp\/wp-content\/uploads\/2019\/02\/06-Lutador.jpg 900w, https:\/\/jornalnovametropole.com.br\/wp\/wp-content\/uploads\/2019\/02\/06-Lutador-300x225.jpg 300w, https:\/\/jornalnovametropole.com.br\/wp\/wp-content\/uploads\/2019\/02\/06-Lutador-768x576.jpg 768w\" sizes=\"(max-width: 900px) 100vw, 900px\" \/><\/h3>\n<h3><strong>A fam\u00edlia \u00e9 a maior incentivadora do jovem de 19 anos<\/strong><\/h3>\n<p>Leonardo de souza, 19 anos, lutador de Jiu-itsu, faixa marrom. O jovem acaba de retornar de uma temporada de seis meses na Calif\u00f3rnia, EUA, de onde trouxe seis importantes t\u00edtulos entre eles o Dallas Open, pela Confedera\u00e7\u00e3o Internacional de Jiu-Jjitsu, o Texas open e o Cintur\u00e3o Naga no-Gi.<br \/>\nTreinado pelo pai, o faixa-preta Claudney Borracha, desde os 3 anos de idade, fez com que sua vida nos ringues tamb\u00e9m come\u00e7asse cedo, sua primeira disputa internacional foi aos 16 anos no Pan-Americano de Jiu-Jitsu., quando ele ficou \u2018nada mais nada menos\u2019 que em segundo lugar. Participar dessa competi\u00e7\u00e3o e pegar o segundo lugar o deixou realmente motivado a continuar\u201d, diz o pai e mestre Claudney.<br \/>\nDe volta ao Brasil Leonardo realizar\u00e1 algumas disputas no pa\u00eds at\u00e9 junho e retorna aos EUA para representar o Brasil no Mundial de Jiu-Jitsu. Sua primeira luta no Brasil est\u00e1 prevista para o dia 6 de abril, no 1\u00ba Confere CTI de Jiu-Jitsu. Para superar os desafios e barreiras ele conta com o apoio da fam\u00edlia, principalmente do irm\u00e3o Luccas Stocco de 14 anos, tamb\u00e9m lutador, seu primo Johnny Marigo lutador do Bellator, al\u00e9m \u00e9 claro de seu pai.<br \/>\n\u201cMe sinto privilegiado por ter um pai que me apoia em todos os meus sonhos e ao mesmo tempo \u00e9 o meu mestre e maior incentivador dentro e fora dos tatames. Esse ano pude fazer testes nos maiores campeonatos de Jiu-Jitsu, sinto que o n\u00edvel t\u00e9cnico da nossa cidade est\u00e1 alt\u00edssimo. E isso s\u00f3 me d\u00e1 mais vontade de apresentar Indaiatuba para o mundo\u201d, conclui Leonardo.<\/p>\n","protected":false},"excerpt":{"rendered":"<p>A fam\u00edlia \u00e9 a maior incentivadora do jovem de 19 anos Leonardo de souza, 19 anos, lutador de Jiu-itsu, faixa<\/p>\n","protected":false},"author":3,"featured_media":22266,"comment_status":"open","ping_status":"open","sticky":false,"template":"","format":"standard","meta":[],"categories":[4],"tags":[4351],"_links":{"self":[{"href":"https:\/\/jornalnovametropole.com.br\/wp\/wp-json\/wp\/v2\/posts\/22259"}],"collection":[{"href":"https:\/\/jornalnovametropole.com.br\/wp\/wp-json\/wp\/v2\/posts"}],"about":[{"href":"https:\/\/jornalnovametropole.com.br\/wp\/wp-json\/wp\/v2\/types\/post"}],"author":[{"embeddable":true,"href":"https:\/\/jornalnovametropole.com.br\/wp\/wp-json\/wp\/v2\/users\/3"}],"replies":[{"embeddable":true,"href":"https:\/\/jornalnovametropole.com.br\/wp\/wp-json\/wp\/v2\/comments?post=22259"}],"version-history":[{"count":1,"href":"https:\/\/jornalnovametropole.com.br\/wp\/wp-json\/wp\/v2\/posts\/22259\/revisions"}],"predecessor-version":[{"id":22271,"href":"https:\/\/jornalnovametropole.com.br\/wp\/wp-json\/wp\/v2\/posts\/22259\/revisions\/22271"}],"wp:featuredmedia":[{"embeddable":true,"href":"https:\/\/jornalnovametropole.com.br\/wp\/wp-json\/wp\/v2\/media\/22266"}],"wp:attachment":[{"href":"https:\/\/jornalnovametropole.com.br\/wp\/wp-json\/wp\/v2\/media?parent=22259"}],"wp:term":[{"taxonomy":"category","embeddable":true,"href":"https:\/\/jornalnovametropole.com.br\/wp\/wp-json\/wp\/v2\/categories?post=22259"},{"taxonomy":"post_tag","embeddable":true,"href":"https:\/\/jornalnovametropole.com.br\/wp\/wp-json\/wp\/v2\/tags?post=22259"}],"curies":[{"name":"wp","href":"https:\/\/api.w.org\/{rel}","templated":true}]}}