{"id":22057,"date":"2019-01-11T12:54:08","date_gmt":"2019-01-11T12:54:08","guid":{"rendered":"http:\/\/jornalnovametropole.com.br\/wp\/?p=22057"},"modified":"2019-01-11T13:54:26","modified_gmt":"2019-01-11T13:54:26","slug":"serao-abertas-as-inscricoes-para-oficinas-culturais","status":"publish","type":"post","link":"https:\/\/jornalnovametropole.com.br\/wp\/serao-abertas-as-inscricoes-para-oficinas-culturais\/","title":{"rendered":"Ser\u00e3o abertas as inscri\u00e7\u00f5es para Oficinas Culturais"},"content":{"rendered":"<h3><img loading=\"lazy\" class=\"alignnone wp-image-22058\" src=\"http:\/\/jornalnovametropole.com.br\/wp\/wp-content\/uploads\/2019\/01\/Oficina-cultura-arquivo-RICPMI-1024x626.jpg\" alt=\"\" width=\"646\" height=\"385\" \/><\/h3>\n<h3><strong>No dia 26 de janeiro das 8h \u00e0s 11h, no Centro de Conven\u00e7\u00f5es<\/strong><\/h3>\n<h6><em>Foto\u00a0Arquivo RIC\/PMI<\/em><\/h6>\n<p>A Secretaria Municipal de Cultura recebe inscri\u00e7\u00f5es para as Oficinas Culturais no dia 26 de janeiro, das 8h \u00e0s 11h, no Centro de Conven\u00e7\u00f5es \u2018Aydil Pinesi Bonachella\u2019. As vagas s\u00e3o limitadas e as inscri\u00e7\u00f5es s\u00e3o presenciais e por ordem de chegada. Os interessados devem fazer a doa\u00e7\u00e3o de uma lata ou saquinho de leite em p\u00f3 de 400g, que ser\u00e1 encaminhada ao Funssol (Fundo Social de Solidariedade) de Indaiatuba.<br \/>\nA Prefeitura oferece Oficinas gratuitas nas modalidades Artes Infantil; Ballet Baby, Infantil e Juvenil; Coral Infantil, Juvenil, Adulto e Coral da Terceira Idade; Desenho Art\u00edstico Infantil, Juvenil e Adulto; Jazz Infantil e Juvenil; Piano Digital; Pintura em Tecido; Pintura em Tela; Teatro Infantil, Juvenil e Adulto; Viola Caipira e Viol\u00e3o.<br \/>\nPara a matr\u00edcula \u00e9 necess\u00e1rio apresentar para cada Oficina pretendida uma c\u00f3pia do RG ou da Certid\u00e3o de Nascimento; uma c\u00f3pia do CPF; uma c\u00f3pia do comprovante de resid\u00eancia no munic\u00edpio, e efetuar a doa\u00e7\u00e3o do leite em p\u00f3. Tamb\u00e9m \u00e9 exigido que o aluno tenha a idade m\u00ednima completa no ato da inscri\u00e7\u00e3o.<br \/>\nAs modalidades s\u00e3o divididas em tr\u00eas Polos: no Centro Cultural Wanderley Peres, na Pra\u00e7a D. Pedro II; no Centro Cultural Morada do Sol (Piano), no Jardim Morada do Sol, e no CEU (Centro de Artes e Esportes Unificado), no Jardim S\u00e3o Conrado. Mais informa\u00e7\u00f5es sobre as Oficinas, devem ser obtidas nos Polos onde elas acontecem.<\/p>\n<p>&nbsp;<\/p>\n<h4><strong>Oficinas dispon\u00edveis em cada polo:<\/strong><\/h4>\n<p><strong><em>\u2022 Centro Cultural Wanderley Peres:<\/em><\/strong> Artes \u2013 Infantil (6 a 11 anos) sextas-feiras de 9h \u00e0s 11h e de 14h \u00e0s 16h, Ballet Baby (5 a 6 anos) segundas-feiras de 10h \u00e0s 11h e 15h30 \u00e0s 16h30 \/ quartas-feiras 10h \u00e0s 11h e 15h30 \u00e0s 16h30, Ballet Infantil (7 a 11 anos) segundas e quartas de 9h \u00e0s 10h e 14h30 \u00e0s 15h30, Coral Adulto Feminino (17 a 59 anos) segundas e quartas 19h \u00e0s 21h, Coral Adulto Masculino (17 a 59 anos) ter\u00e7as e quartas 19h \u00e0s 21h, Coral Infantil (7 a 10 anos) quartas-feiras 14h \u00e0s 15h, Coral da Terceira Idade (Acima de 60 anos) segundas-feiras 13h30 \u00e0s 14h30, Desenho Art\u00edstico Adulto (Acima de 18 anos) quartas-feiras 19h \u00e0s 20h30, Desenho Art\u00edstico Infantil (7 a 11 anos) sextas-feiras 9h30 \u00e0s 11h e 13h30 \u00e0s 15h, Desenho Art\u00edstico Juvenil (12 a 17 anos) sextas-feiras 8h \u00e0s 9h30 e 15h \u00e0s 16h30, Jazz Infantil (7 a 11 anos) ter\u00e7as e quintas 9h \u00e0s 10h e 14h30 \u00e0s 15h30, Jazz Juvenil (7 a 11 anos) ter\u00e7as e quintas 9h \u00e0s 10h e 14h30 \u00e0s 15h30, Teatro Adulto (Acima de 18 anos) segundas-feiras 19h30 \u00e0s 21h, Teatro Infantil (7 a 13 anos) segundas-feiras 9h \u00e0s 10h30, Teatro Juvenil (14 a 17 anos) segundas-feiras 17h30 \u00e0s 19h, Viola Caipira (Acima de 10 anos) segundas-feiras 19h \u00e0s 20h30, Viol\u00e3o (Acima de 10 anos) segundas-feiras 9h30 \u00e0s 11h 14h \u00e0s 15h30 \/ ter\u00e7as-feiras 18h \u00e0s 19h30.<\/p>\n<p><em><strong>\u2022 Centro Cultural Hermenegildo Pinto (Piano):<\/strong> <\/em>Ballet Baby (5 a 6 anos) ter\u00e7as-feiras 10h \u00e0s 11h e 15h30 \u00e0s 16h30 \/ quintas-feiras 10h \u00e0s 11h e 15h30 \u00e0s 16h30, Ballet Infantil (7 a 11 anos) segundas-feiras 10h \u00e0s 11h30 e 14h \u00e0s 15h30 \/ ter\u00e7as e quintas 9h \u00e0s 10h e 14h30 \u00e0s 15h30, Ballet Juvenil (12 a 17 anos) &#8211; Ter\u00e7as e Quintas 19h \u00e0s 20h, Coral Juvenil (11 a 16 anos) s\u00e1bados 9h \u00e0s 10h, Dan\u00e7as Urbanas (Hip Hop) Juvenil (12 a 17 anos) ter\u00e7as-feiras 19h \u00e0s 20h30, Dan\u00e7a de Sal\u00e3o (Acima de 18 anos) segundas-feiras 18h30 \u00e0s 20h \/ sextas-feiras 18h30 \u00e0s 20h, Desenho Art\u00edstico Infantil (7 a 11 anos) ter\u00e7as-feiras 9h30 \u00e0s 11h e 13h30 \u00e0s 15h, Desenho Art\u00edstico Juvenil (12 a 17 anos) ter\u00e7as-feiras 8h \u00e0s 9h30 e 15h \u00e0s 16h30, Jazz Infantil (7 a 11 anos) segundas e quartas 9h \u00e0s 10h e 14h30 \u00e0s 15h30, Jazz Juvenil (7 a 11 anos) segundas e quartas 9h \u00e0s 10h e 14h30 \u00e0s 15h30, Piano Digital (Acima de 10 anos) segundas-feiras 19h30 \u00e0s 21h \/ ter\u00e7as-feiras 19h30 \u00e0s 21h \/ quartas-feiras 9h30 \u00e0s 11h e 14h \u00e0s 15h30 \/ quintas-feiras 8h \u00e0s 9h30, 9h30 \u00e0s 11h, 14h \u00e0s 15h30 e 15h30 \u00e0s 17h \/ sextas-feiras 8h \u00e0s 9h30, 9h30 \u00e0s 11h, 14h \u00e0s 15h30 e 15h30 \u00e0s 17h, Pintura em Tecido (Acima de 15 anos) segundas-feiras 8h \u00e0s 10h e 14h \u00e0s 16h, Pintura em Tela (Acima de 10 anos) quartas-feiras 8h \u00e0s 10h e 14h \u00e0s 16h \/ sextas-feiras 8h \u00e0s 10h e 14h \u00e0s 16h, Teatro Adulto (Acima de 18 anos) quintas-feiras 19h30 \u00e0s 21h, Teatro Infantil (7 a 13 anos) sextas-feiras 9h30 \u00e0s 11h e 14h \u00e0s 15h30, Teatro Juvenil (14 a 17 anos) sextas-feiras 15h30 \u00e0s 17h, Viola Caipira (Acima de 10 anos) &#8211; quartas-feiras 19h \u00e0s 20h30, Viol\u00e3o (Acima de 10 anos) quintas-feiras 9h30 \u00e0s 11h, 15h30 \u00e0s 17h e 19h30 \u00e0s 21h.<\/p>\n<p><em><strong>\u2022 Ceu (Centro de Artes e Esportes Unificado):<\/strong><\/em> Ballet Baby (5 e 6 anos) ter\u00e7as-feiras 14h \u00e0s 15h \/ quintas-feiras 10h30 \u00e0s 11h30, Ballet Infanto-Juvenil (7 a 14 anos) ter\u00e7as-feiras 9h30 \u00e0s 11h e 15h \u00e0s 16h30, Desenho Art\u00edstico Infanto-Juvenil (7 a 14 anos) quartas-feiras 8h \u00e0s 9h30 e 13h30 \u00e0s 15h, Jazz Infanto-juvenil (7 a 14 anos) sextas-feiras 10h30 \u00e0s 11h30, Teatro Infanto-juvenil (7 a 14 anos) quintas-feiras 9h \u00e0s 10h30 e 15h30 \u00e0s 17h, Viol\u00e3o (Acima de 10 anos) ter\u00e7as-feiras 8h \u00e0s 9h30 \/ sextas-feiras 14h \u00e0s 15h30.<\/p>\n","protected":false},"excerpt":{"rendered":"<p>No dia 26 de janeiro das 8h \u00e0s 11h, no Centro de Conven\u00e7\u00f5es Foto\u00a0Arquivo RIC\/PMI A Secretaria Municipal de Cultura<\/p>\n","protected":false},"author":3,"featured_media":22058,"comment_status":"open","ping_status":"open","sticky":false,"template":"","format":"standard","meta":[],"categories":[3000,5],"tags":[4319],"_links":{"self":[{"href":"https:\/\/jornalnovametropole.com.br\/wp\/wp-json\/wp\/v2\/posts\/22057"}],"collection":[{"href":"https:\/\/jornalnovametropole.com.br\/wp\/wp-json\/wp\/v2\/posts"}],"about":[{"href":"https:\/\/jornalnovametropole.com.br\/wp\/wp-json\/wp\/v2\/types\/post"}],"author":[{"embeddable":true,"href":"https:\/\/jornalnovametropole.com.br\/wp\/wp-json\/wp\/v2\/users\/3"}],"replies":[{"embeddable":true,"href":"https:\/\/jornalnovametropole.com.br\/wp\/wp-json\/wp\/v2\/comments?post=22057"}],"version-history":[{"count":1,"href":"https:\/\/jornalnovametropole.com.br\/wp\/wp-json\/wp\/v2\/posts\/22057\/revisions"}],"predecessor-version":[{"id":22059,"href":"https:\/\/jornalnovametropole.com.br\/wp\/wp-json\/wp\/v2\/posts\/22057\/revisions\/22059"}],"wp:featuredmedia":[{"embeddable":true,"href":"https:\/\/jornalnovametropole.com.br\/wp\/wp-json\/wp\/v2\/media\/22058"}],"wp:attachment":[{"href":"https:\/\/jornalnovametropole.com.br\/wp\/wp-json\/wp\/v2\/media?parent=22057"}],"wp:term":[{"taxonomy":"category","embeddable":true,"href":"https:\/\/jornalnovametropole.com.br\/wp\/wp-json\/wp\/v2\/categories?post=22057"},{"taxonomy":"post_tag","embeddable":true,"href":"https:\/\/jornalnovametropole.com.br\/wp\/wp-json\/wp\/v2\/tags?post=22057"}],"curies":[{"name":"wp","href":"https:\/\/api.w.org\/{rel}","templated":true}]}}