{"id":21858,"date":"2018-12-07T05:31:56","date_gmt":"2018-12-07T05:31:56","guid":{"rendered":"http:\/\/jornalnovametropole.com.br\/wp\/?p=21858"},"modified":"2018-12-07T15:39:17","modified_gmt":"2018-12-07T15:39:17","slug":"2-auto-de-natal-o-espetaculo-sera-no-dia-23-as-20h","status":"publish","type":"post","link":"https:\/\/jornalnovametropole.com.br\/wp\/2-auto-de-natal-o-espetaculo-sera-no-dia-23-as-20h\/","title":{"rendered":"2\u00b0 Auto de Natal o espet\u00e1culo ser\u00e1 no dia 23, \u00e0s 20h"},"content":{"rendered":"<h3><img loading=\"lazy\" class=\"alignnone size-large wp-image-21861\" src=\"http:\/\/jornalnovametropole.com.br\/wp\/wp-content\/uploads\/2018\/12\/04-CORDEL-DE-NATAL-1024x683.jpg\" alt=\"\" width=\"485\" height=\"323\" srcset=\"https:\/\/jornalnovametropole.com.br\/wp\/wp-content\/uploads\/2018\/12\/04-CORDEL-DE-NATAL-1024x683.jpg 1024w, https:\/\/jornalnovametropole.com.br\/wp\/wp-content\/uploads\/2018\/12\/04-CORDEL-DE-NATAL-300x200.jpg 300w, https:\/\/jornalnovametropole.com.br\/wp\/wp-content\/uploads\/2018\/12\/04-CORDEL-DE-NATAL-768x512.jpg 768w, https:\/\/jornalnovametropole.com.br\/wp\/wp-content\/uploads\/2018\/12\/04-CORDEL-DE-NATAL.jpg 1969w\" sizes=\"(max-width: 485px) 100vw, 485px\" \/><\/h3>\n<h3><strong>Pe\u00e7a resgata as tradi\u00e7\u00f5es art\u00edsticas de cordel<\/strong><\/h3>\n<p>Indaiatuba ir\u00e1 receber pela segunda vez o grande espet\u00e1culo natalino \u2018Cordel de Natal \u2013 Nascimento de Jesus Cristo\u2019 que acontece no dia 23 de dezembro, a partir das 20 horas, em frente \u00e0 Igreja Matriz Nossa Senhora da Candel\u00e1ria.<br \/>\nO espet\u00e1culo \u2018Cordel de Natal\u2019 re\u00fane Dan\u00e7a, M\u00fasica, Teatro, Poesia Popular e o bom humor para contar o Nascimento do Menino Jesus. Adaptado para o formato de Cordel, o Auto de Natal \u00e9 apresentado com rimas, repente e regionalismo nordestino. Nos entreatos, a incorpora\u00e7\u00e3o de manifesta\u00e7\u00f5es art\u00edsticas, como a dan\u00e7a, proje\u00e7\u00f5es audiovisuais em uma cenografia tel\u00farica, que nos remete ao universo das feiras, das quermesses, dos engenhos. Tudo ao som de uma trilha que acompanha o trovador em sua saga pelos recantos da alma sertaneja. O espet\u00e1culo que j\u00e1 foi visto por mais de 15 mil pessoas em 2017 em tr\u00eas cidades diferentes \u00e9 sucesso de cr\u00edtica.<br \/>\nO espet\u00e1culo \u00e9 realizado pela RGR CULTURAL, com dire\u00e7\u00e3o de Chic\u00f3 Ferreira e Marli Lopes e conta com grande elenco, al\u00e9m de artistas convidados. O texto \u00e9 uma adapta\u00e7\u00e3o do Cordel \u2018O Nascimento de Jesus\u2019 do autor Euriano Sales.<br \/>\nSobre a Literatura de Cordel &#8211; O Cordel se firmou como aut\u00eantica express\u00e3o do sert\u00e3o nordestino a partir do s\u00e9culo 19. Os folhetos com a t\u00edpica xilogravura na capa vendidos nas feiras, mercados ou quermesses contavam (e at\u00e9 hoje contam) hist\u00f3rias fabulosas de reis e fadas, de assombra\u00e7\u00f5es, de bichos que falam, de fa\u00e7anhas de valent\u00f5es, acontecimentos pol\u00edticos e inumer\u00e1veis outros temas que a criatividade dos poetas populares viessem excitar.<\/p>\n<p><img loading=\"lazy\" class=\"alignnone size-large wp-image-21860\" src=\"http:\/\/jornalnovametropole.com.br\/wp\/wp-content\/uploads\/2018\/12\/04-CORDEL-DE-NATAL-2-1024x683.jpg\" alt=\"\" width=\"485\" height=\"323\" srcset=\"https:\/\/jornalnovametropole.com.br\/wp\/wp-content\/uploads\/2018\/12\/04-CORDEL-DE-NATAL-2-1024x683.jpg 1024w, https:\/\/jornalnovametropole.com.br\/wp\/wp-content\/uploads\/2018\/12\/04-CORDEL-DE-NATAL-2-300x200.jpg 300w, https:\/\/jornalnovametropole.com.br\/wp\/wp-content\/uploads\/2018\/12\/04-CORDEL-DE-NATAL-2-768x512.jpg 768w, https:\/\/jornalnovametropole.com.br\/wp\/wp-content\/uploads\/2018\/12\/04-CORDEL-DE-NATAL-2.jpg 1969w\" sizes=\"(max-width: 485px) 100vw, 485px\" \/><br \/>\nLiteratura de Cordel vira patrim\u00f4nio cultural em 2018 e vive momento de efervesc\u00eancia &#8211; Reconhecimento do Iphan chega no momento em que a internet promove desafios entre cordelistas do Brasil e do exterior, difundindo mais ainda a cultura. Trazida pelos portugueses na segunda metade do s\u00e9culo 19, a Literatura de Cordel narrativa po\u00e9tica popular com m\u00e9tricas e rimas perfeitas ou quase perfeitas, receber\u00e1 quarta-feira o registro de Patrim\u00f4nio Cultural do Brasil. O t\u00edtulo, concedido pelo Instituto do Patrim\u00f4nio Hist\u00f3rico e Art\u00edstico Nacional (Iphan), atende a pedido de 85 poetas, feito em 2010, atrav\u00e9s da Academia Brasileira de Literatura de Cordel (ABLC), no Rio.<br \/>\n\u2018Natal Solid\u00e1rio\u2019 &#8211; Solidariedade \u00e9 uma palavra que tem tudo a ver com Natal. Se voc\u00ea concorda com isso e quer contribuir para que crian\u00e7as sejam mais felizes neste fim de ano, saiba que no dia do espet\u00e1culo a produ\u00e7\u00e3o ir\u00e1 receber Panetones, que ser\u00e3o doados para Os Vincentinos de Indaiatuba Institui\u00e7\u00e3o que atende centenas de fam\u00edlias necessitadas com muitas crian\u00e7as e jovens que vivem em situa\u00e7\u00e3o de vulnerabilidade social. Essa \u00e9 uma campanha com o apoio da Matriz Nossa Senhora da Candel\u00e1ria, R\u00e1dio Jornal de Indaiatuba, Grupo AWR\u00ae e Prefeitura Municipal.<\/p>\n","protected":false},"excerpt":{"rendered":"<p>Pe\u00e7a resgata as tradi\u00e7\u00f5es art\u00edsticas de cordel Indaiatuba ir\u00e1 receber pela segunda vez o grande espet\u00e1culo natalino \u2018Cordel de Natal<\/p>\n","protected":false},"author":3,"featured_media":21861,"comment_status":"open","ping_status":"open","sticky":false,"template":"","format":"standard","meta":[],"categories":[3000,5],"tags":[4289],"_links":{"self":[{"href":"https:\/\/jornalnovametropole.com.br\/wp\/wp-json\/wp\/v2\/posts\/21858"}],"collection":[{"href":"https:\/\/jornalnovametropole.com.br\/wp\/wp-json\/wp\/v2\/posts"}],"about":[{"href":"https:\/\/jornalnovametropole.com.br\/wp\/wp-json\/wp\/v2\/types\/post"}],"author":[{"embeddable":true,"href":"https:\/\/jornalnovametropole.com.br\/wp\/wp-json\/wp\/v2\/users\/3"}],"replies":[{"embeddable":true,"href":"https:\/\/jornalnovametropole.com.br\/wp\/wp-json\/wp\/v2\/comments?post=21858"}],"version-history":[{"count":1,"href":"https:\/\/jornalnovametropole.com.br\/wp\/wp-json\/wp\/v2\/posts\/21858\/revisions"}],"predecessor-version":[{"id":21863,"href":"https:\/\/jornalnovametropole.com.br\/wp\/wp-json\/wp\/v2\/posts\/21858\/revisions\/21863"}],"wp:featuredmedia":[{"embeddable":true,"href":"https:\/\/jornalnovametropole.com.br\/wp\/wp-json\/wp\/v2\/media\/21861"}],"wp:attachment":[{"href":"https:\/\/jornalnovametropole.com.br\/wp\/wp-json\/wp\/v2\/media?parent=21858"}],"wp:term":[{"taxonomy":"category","embeddable":true,"href":"https:\/\/jornalnovametropole.com.br\/wp\/wp-json\/wp\/v2\/categories?post=21858"},{"taxonomy":"post_tag","embeddable":true,"href":"https:\/\/jornalnovametropole.com.br\/wp\/wp-json\/wp\/v2\/tags?post=21858"}],"curies":[{"name":"wp","href":"https:\/\/api.w.org\/{rel}","templated":true}]}}