{"id":21471,"date":"2018-10-26T14:29:51","date_gmt":"2018-10-26T14:29:51","guid":{"rendered":"http:\/\/jornalnovametropole.com.br\/wp\/?p=21471"},"modified":"2018-10-26T14:29:51","modified_gmt":"2018-10-26T14:29:51","slug":"quem-nao-votou-no-1o-turno-deve-ir-as-urnas","status":"publish","type":"post","link":"https:\/\/jornalnovametropole.com.br\/wp\/quem-nao-votou-no-1o-turno-deve-ir-as-urnas\/","title":{"rendered":"Quem n\u00e3o votou no 1\u00ba turno deve ir \u00e0s urnas"},"content":{"rendered":"<h3><img loading=\"lazy\" class=\"alignnone size-full wp-image-21472\" src=\"http:\/\/jornalnovametropole.com.br\/wp\/wp-content\/uploads\/2018\/10\/04-Elei\u00e7\u00e3o.jpg\" alt=\"\" width=\"900\" height=\"675\" srcset=\"https:\/\/jornalnovametropole.com.br\/wp\/wp-content\/uploads\/2018\/10\/04-Elei\u00e7\u00e3o.jpg 900w, https:\/\/jornalnovametropole.com.br\/wp\/wp-content\/uploads\/2018\/10\/04-Elei\u00e7\u00e3o-300x225.jpg 300w, https:\/\/jornalnovametropole.com.br\/wp\/wp-content\/uploads\/2018\/10\/04-Elei\u00e7\u00e3o-768x576.jpg 768w\" sizes=\"(max-width: 900px) 100vw, 900px\" \/><\/h3>\n<h3><strong>Justi\u00e7a Eleitoral considera turnos como elei\u00e7\u00f5es independentes<\/strong><\/h3>\n<p>Nesse domingo, dia 28, todo o Brasil volta \u00e0s urnas para decidir atrav\u00e9s do voto o novo presidente do pa\u00eds. Alguns estados t\u00eam ainda a responsabilidade de escolher o seu governador, como \u00e9 o caso de S\u00e3o Paulo, e algumas cidades votam tamb\u00e9m para prefeito, nas chamadas elei\u00e7\u00f5es suplementares, previstas no C\u00f3digo Eleitoral em casos espec\u00edficos. A Justi\u00e7a Eleitoral esperava que mais de 147 milh\u00f5es de pessoas comparecessem \u00e0s se\u00e7\u00f5es de vota\u00e7\u00e3o no primeiro turno das elei\u00e7\u00f5es deste ano, mas 20% desse total n\u00e3o apareceu para votar.<br \/>\nPara a JE, cada turno de vota\u00e7\u00e3o \u00e9 considerado uma nova elei\u00e7\u00e3o e, por isso, o eleitor que n\u00e3o votou no primeiro turno dever\u00e1 votar no segundo, desde que esteja em situa\u00e7\u00e3o regular. Quem n\u00e3o conseguiu justificar, deve comparecer \u00e0 sua se\u00e7\u00e3o eleitoral da mesma forma, pois n\u00e3o ser\u00e1 impedido de votar, j\u00e1 que o per\u00edodo para justificar \u00e9 de at\u00e9 60 dias. A Chefe de Cart\u00f3rio Substituta da 211\u00aa Zona Eleitoral de Indaiatuba, Cristina Spalding Monteiro D\u2019Angioli, ressalta: \u201cquem n\u00e3o votou apenas no 1\u00ba turno das Elei\u00e7\u00f5es de 2018 poder\u00e1 votar normalmente no 2\u00ba turno, mesmo que n\u00e3o tenha justificado sua aus\u00eancia \u00e0s urnas. Todavia, ap\u00f3s as elei\u00e7\u00f5es, o eleitor ausente dever\u00e1 comparecer ao Cart\u00f3rio Eleitoral para regularizar sua situa\u00e7\u00e3o\u201d e continua \u201caqueles que n\u00e3o transferiram o domic\u00edlio eleitoral para o Munic\u00edpio de Indaiatuba, dever\u00e3o justificar suas aus\u00eancias \u00e0s urnas no dia da elei\u00e7\u00e3o em qualquer local de vota\u00e7\u00e3o do Munic\u00edpio\u201d.<br \/>\nVale lembrar que faltar sem justificar gera multa e em tr\u00eas turnos consecutivos pode trazer algumas dores de cabe\u00e7a como: ter o t\u00edtulo de eleitor cancelado; ser impedido de tirar passaporte; ser impedido de tirar carteira de identidade; ficar sem receber sal\u00e1rio se tiver um emprego p\u00fablico; ser impedido de fazer alguns tipos de empr\u00e9stimos; n\u00e3o ser empossado a cargo p\u00fablico, mesmo aprovado em concurso; n\u00e3o renovar matr\u00edcula em Institui\u00e7\u00f5es de Ensino P\u00fablicas ou n\u00e3o obter documentos em reparti\u00e7\u00f5es diplom\u00e1ticas. E vale a pena regularizar o quanto antes j\u00e1 que o valor \u00e9 m\u00ednimo. \u201cO arbitramento de multa por aus\u00eancia \u00e0s urnas ao eleitor que n\u00e3o votou nem justificou \u00e9 no valor de R$ 3,51 (tr\u00eas reais e cinquenta e um centavos) por turno de elei\u00e7\u00e3o n\u00e3o votado.\u201d esclarece a Chefe de Cart\u00f3rio.<\/p>\n<p><em><strong>Onde justificar?<\/strong> <\/em><br \/>\nEleitores em tr\u00e2nsito poder\u00e3o justificar a aus\u00eancia nas urnas em aeroportos. A lista poder\u00e1 ser alterada com menos ou mais Postos, de acordo com decis\u00e3o dos Tribunais Regionais Eleitorais (TREs) de cada estado. Para justificar o voto o cidad\u00e3o deve levar um documento oficial com foto, o t\u00edtulo de eleitor ou o n\u00famero do documento.<br \/>\nO formul\u00e1rio de justificativa eleitoral preenchido deve ser entregue no local destinado ao recebimento das justificativas na Zona Eleitoral. Caso n\u00e3o tenha o formul\u00e1rio em m\u00e3os, o eleitor pode retirar e preencher no local.<br \/>\nA justificativa tamb\u00e9m pode ser feita por meio de um Requerimento de Justificativa Eleitoral (RJE), que deve ser entregue pessoalmente em qualquer Cart\u00f3rio Eleitoral ou ser enviado, via postal, ao juiz da Zona Eleitoral onde o eleitor est\u00e1 inscrito. Os endere\u00e7os dos Cart\u00f3rios Eleitorais podem ser obtidos no Portal do Tribunal Superior Eleitoral (TSE). O prazo para envio \u00e9 de 60 dias ap\u00f3s cada turno da vota\u00e7\u00e3o. A RJE deve ser acompanhada de documenta\u00e7\u00e3o comprobat\u00f3ria da impossibilidade de comparecimento no dia do Pleito.<br \/>\nA aus\u00eancia tamb\u00e9m pode ser justificada por meio do Sistema Justifica. A ferramenta permite a apresenta\u00e7\u00e3o do RJE, pela internet, ap\u00f3s a elei\u00e7\u00e3o. Ao acessar o sistema, o eleitor deve informar os dados pessoais, declarar o motivo da aus\u00eancia \u00e0s urnas e anexar documenta\u00e7\u00e3o comprobat\u00f3ria digitalizada. O Requerimento ser\u00e1 encaminhado para a Zona Eleitoral do eleitor, gerando um c\u00f3digo de protocolo para acompanhamento do processo. (Com informa\u00e7\u00f5es da Ag\u00eancia Brasil)<\/p>\n","protected":false},"excerpt":{"rendered":"<p>Justi\u00e7a Eleitoral considera turnos como elei\u00e7\u00f5es independentes Nesse domingo, dia 28, todo o Brasil volta \u00e0s urnas para decidir atrav\u00e9s<\/p>\n","protected":false},"author":3,"featured_media":21472,"comment_status":"open","ping_status":"open","sticky":false,"template":"","format":"standard","meta":[],"categories":[3],"tags":[4223,4224],"_links":{"self":[{"href":"https:\/\/jornalnovametropole.com.br\/wp\/wp-json\/wp\/v2\/posts\/21471"}],"collection":[{"href":"https:\/\/jornalnovametropole.com.br\/wp\/wp-json\/wp\/v2\/posts"}],"about":[{"href":"https:\/\/jornalnovametropole.com.br\/wp\/wp-json\/wp\/v2\/types\/post"}],"author":[{"embeddable":true,"href":"https:\/\/jornalnovametropole.com.br\/wp\/wp-json\/wp\/v2\/users\/3"}],"replies":[{"embeddable":true,"href":"https:\/\/jornalnovametropole.com.br\/wp\/wp-json\/wp\/v2\/comments?post=21471"}],"version-history":[{"count":1,"href":"https:\/\/jornalnovametropole.com.br\/wp\/wp-json\/wp\/v2\/posts\/21471\/revisions"}],"predecessor-version":[{"id":21473,"href":"https:\/\/jornalnovametropole.com.br\/wp\/wp-json\/wp\/v2\/posts\/21471\/revisions\/21473"}],"wp:featuredmedia":[{"embeddable":true,"href":"https:\/\/jornalnovametropole.com.br\/wp\/wp-json\/wp\/v2\/media\/21472"}],"wp:attachment":[{"href":"https:\/\/jornalnovametropole.com.br\/wp\/wp-json\/wp\/v2\/media?parent=21471"}],"wp:term":[{"taxonomy":"category","embeddable":true,"href":"https:\/\/jornalnovametropole.com.br\/wp\/wp-json\/wp\/v2\/categories?post=21471"},{"taxonomy":"post_tag","embeddable":true,"href":"https:\/\/jornalnovametropole.com.br\/wp\/wp-json\/wp\/v2\/tags?post=21471"}],"curies":[{"name":"wp","href":"https:\/\/api.w.org\/{rel}","templated":true}]}}