{"id":21295,"date":"2018-10-12T05:32:33","date_gmt":"2018-10-12T05:32:33","guid":{"rendered":"http:\/\/jornalnovametropole.com.br\/wp\/?p=21295"},"modified":"2018-10-11T18:20:40","modified_gmt":"2018-10-11T18:20:40","slug":"museu-casarao-pau-preto-recebe-oficina-interfaces-da-memoria-prosas-sobre-patrimonio","status":"publish","type":"post","link":"https:\/\/jornalnovametropole.com.br\/wp\/museu-casarao-pau-preto-recebe-oficina-interfaces-da-memoria-prosas-sobre-patrimonio\/","title":{"rendered":"Museu Casar\u00e3o Pau Preto recebe oficina \u201cInterfaces da mem\u00f3ria: prosas sobre patrim\u00f4nio"},"content":{"rendered":"<h3><img loading=\"lazy\" class=\"alignnone wp-image-21296 size-full\" src=\"http:\/\/jornalnovametropole.com.br\/wp\/wp-content\/uploads\/2018\/10\/DSC3321b_001.jpg\" alt=\"\" width=\"2980\" height=\"1880\" srcset=\"https:\/\/jornalnovametropole.com.br\/wp\/wp-content\/uploads\/2018\/10\/DSC3321b_001.jpg 2980w, https:\/\/jornalnovametropole.com.br\/wp\/wp-content\/uploads\/2018\/10\/DSC3321b_001-300x189.jpg 300w, https:\/\/jornalnovametropole.com.br\/wp\/wp-content\/uploads\/2018\/10\/DSC3321b_001-768x485.jpg 768w, https:\/\/jornalnovametropole.com.br\/wp\/wp-content\/uploads\/2018\/10\/DSC3321b_001-1024x646.jpg 1024w\" sizes=\"(max-width: 2980px) 100vw, 2980px\" \/><\/h3>\n<h3><strong>Curso acontece no dia 20, das 9h \u00e0s 16h<\/strong><\/h3>\n<p>A Prefeitura de Indaiatuba, por meio da Funda\u00e7\u00e3o Pr\u00f3-Mem\u00f3ria, atrav\u00e9s do Conselho Regional de Biblioteconomia da 8\u00aa Regi\u00e3o, promove a oficina \u201cInterfaces da mem\u00f3ria: prosas sobre patrim\u00f4nio\u201d. O evento acontece no Museu Casar\u00e3o Pau Preto, na rua Pedro Gon\u00e7alves, 477, no dia 20 de outubro, das 9h \u00e0s 16h. Os interessados devem fazer a inscri\u00e7\u00e3o no link: https:\/\/goo.gl\/forms\/AEsVxN1c2F7zVLqO2. Confira abaixo a programa\u00e7\u00e3o.<\/p>\n<p><em><strong>Programa\u00e7\u00e3o:<\/strong><\/em><br \/>\n9h00 \u00e0s 9h30 &#8211; Credenciamento e caf\u00e9 de boas-vindas<br \/>\n10h00 &#8211; Abertura<br \/>\n10h10 &#8211; A preserva\u00e7\u00e3o do patrim\u00f4nio cultural do Brasil: hist\u00f3ria, conceitos e experi\u00eancias<br \/>\nProf. Dr. Marcos Tognon, Instituto de Filosofia e Ci\u00eancias Humanas da Universidade Estadual de Campinas<br \/>\n11h00 &#8211; Funda\u00e7\u00e3o Pr\u00f3-Mem\u00f3ria e seu patrim\u00f4nio documental<br \/>\nProf. Dr. Carlos Gustavo N\u00f3brega de Jesus, Funda\u00e7\u00e3o Pr\u00f3-Mem\u00f3ria de Indaiatuba<br \/>\n11h50 &#8211; Patrim\u00f4nio escolar: conserva\u00e7\u00e3o, estudo e difus\u00e3o<br \/>\nProf\u00aa. Maria Cristina Menezes, Faculdade de Educa\u00e7\u00e3o da Universidade Estadual de Campinas<br \/>\n12h40 &#8211; Espa\u00e7o para perguntas<br \/>\n13h00 &#8211; Intervalo para almo\u00e7o<br \/>\n14h30 &#8211; Visita orientada ao Patrim\u00f4nio de Indaiatuba<br \/>\nMs. Henrique Annunziata<br \/>\n16h00 &#8211; Encerramento<\/p>\n<p>&nbsp;<\/p>\n<h6><em>Foto\u00a0Arquivo Giuliano Miranda \u2013 RIC\/PMI<\/em><\/h6>\n","protected":false},"excerpt":{"rendered":"<p>Curso acontece no dia 20, das 9h \u00e0s 16h A Prefeitura de Indaiatuba, por meio da Funda\u00e7\u00e3o Pr\u00f3-Mem\u00f3ria, atrav\u00e9s do<\/p>\n","protected":false},"author":3,"featured_media":21296,"comment_status":"open","ping_status":"open","sticky":false,"template":"","format":"standard","meta":[],"categories":[16],"tags":[4178],"_links":{"self":[{"href":"https:\/\/jornalnovametropole.com.br\/wp\/wp-json\/wp\/v2\/posts\/21295"}],"collection":[{"href":"https:\/\/jornalnovametropole.com.br\/wp\/wp-json\/wp\/v2\/posts"}],"about":[{"href":"https:\/\/jornalnovametropole.com.br\/wp\/wp-json\/wp\/v2\/types\/post"}],"author":[{"embeddable":true,"href":"https:\/\/jornalnovametropole.com.br\/wp\/wp-json\/wp\/v2\/users\/3"}],"replies":[{"embeddable":true,"href":"https:\/\/jornalnovametropole.com.br\/wp\/wp-json\/wp\/v2\/comments?post=21295"}],"version-history":[{"count":1,"href":"https:\/\/jornalnovametropole.com.br\/wp\/wp-json\/wp\/v2\/posts\/21295\/revisions"}],"predecessor-version":[{"id":21297,"href":"https:\/\/jornalnovametropole.com.br\/wp\/wp-json\/wp\/v2\/posts\/21295\/revisions\/21297"}],"wp:featuredmedia":[{"embeddable":true,"href":"https:\/\/jornalnovametropole.com.br\/wp\/wp-json\/wp\/v2\/media\/21296"}],"wp:attachment":[{"href":"https:\/\/jornalnovametropole.com.br\/wp\/wp-json\/wp\/v2\/media?parent=21295"}],"wp:term":[{"taxonomy":"category","embeddable":true,"href":"https:\/\/jornalnovametropole.com.br\/wp\/wp-json\/wp\/v2\/categories?post=21295"},{"taxonomy":"post_tag","embeddable":true,"href":"https:\/\/jornalnovametropole.com.br\/wp\/wp-json\/wp\/v2\/tags?post=21295"}],"curies":[{"name":"wp","href":"https:\/\/api.w.org\/{rel}","templated":true}]}}