{"id":21284,"date":"2018-10-12T05:20:48","date_gmt":"2018-10-12T05:20:48","guid":{"rendered":"http:\/\/jornalnovametropole.com.br\/wp\/?p=21284"},"modified":"2018-10-11T17:44:21","modified_gmt":"2018-10-11T17:44:21","slug":"pode-ser-sintoma-de-doenca-grave-dor-de-garganta","status":"publish","type":"post","link":"https:\/\/jornalnovametropole.com.br\/wp\/pode-ser-sintoma-de-doenca-grave-dor-de-garganta\/","title":{"rendered":"Pode ser sintoma de doen\u00e7a grave dor de garganta"},"content":{"rendered":"<h3><strong>Faringoamigdalite causada por bact\u00e9ria tem chance de provocar doen\u00e7a card\u00edaca<\/strong><\/h3>\n<p>A ten\u00e7\u00e3o aos sintomas. A dor \u00e9 o principal sintoma da faringoamigdalite, inflama\u00e7\u00e3o que afeta a faringe e as amigdalas. Na maioria dos casos, a doen\u00e7a \u00e9 de origem viral, mas quando causada por bact\u00e9ria &#8211; em especial o estreptococo do grupo A (pyogenes) &#8211; o quadro fica mais complicado: quando n\u00e3o tratada adequadamente, pode provocar sequelas graves.<br \/>\n\u201cIsso pode ocorrer tanto pelo agravamento da infec\u00e7\u00e3o com a forma\u00e7\u00e3o de abscessos (bolha de pus), como a glomerulonefrite (que afeta os rins) e a febre reum\u00e1tica, que pode causar uma endocardite\u201d, explica Marcela Vilela, otorrinolaringologista do Instituto Brasiliense de Otorrinolaringologia (Iborl).<br \/>\nA faringoamigdalite estreptoc\u00f3cica costuma afetar mais as crian\u00e7as do que os adultos. Por isso, \u00e9 importante que os pais fiquem atentos a reclama\u00e7\u00f5es dos filhos sobre dores na regi\u00e3o da garganta. Um tratamento n\u00e3o adequado pode comprometer para sempre a sa\u00fade da crian\u00e7a, j\u00e1 que as sequelas podem afetar o funcionamento do cora\u00e7\u00e3o.<br \/>\nSe um caso da doen\u00e7a for diagnosticado em algu\u00e9m pr\u00f3ximo, a recomenda\u00e7\u00e3o \u00e9 evitar o contato direto. A bact\u00e9ria pode ser transmitida em um aperto de m\u00e3o, no compartilhamento de um copo, ou em uma conversa, por meio das got\u00edculas de saliva ao falar.<br \/>\nO diagn\u00f3stico \u00e9 feito por exames laboratoriais.<br \/>\n\u201cColhemos um material da garganta e fazemos um teste de rea\u00e7\u00e3o imunol\u00f3gica para detectar part\u00edculas da bact\u00e9ria na amostra\u201d, diz Helio Magarinos Torres Filho, diretor m\u00e9dico.<br \/>\nO tratamento \u00e9 feito com antibi\u00f3ticos e tem dura\u00e7\u00e3o de sete a dez dias. O m\u00e9dico pode recomendar analg\u00e9sicos e antit\u00e9rmicos para amenizar as dores e a febre.<\/p>\n<p><img loading=\"lazy\" class=\"alignnone size-full wp-image-21245\" src=\"http:\/\/jornalnovametropole.com.br\/wp\/wp-content\/uploads\/2018\/10\/12-Dor-Garganta.jpg\" alt=\"\" width=\"900\" height=\"707\" \/><\/p>\n","protected":false},"excerpt":{"rendered":"<p>Faringoamigdalite causada por bact\u00e9ria tem chance de provocar doen\u00e7a card\u00edaca A ten\u00e7\u00e3o aos sintomas. A dor \u00e9 o principal sintoma<\/p>\n","protected":false},"author":3,"featured_media":21245,"comment_status":"open","ping_status":"open","sticky":false,"template":"","format":"standard","meta":[],"categories":[2882,5],"tags":[4172,4173],"_links":{"self":[{"href":"https:\/\/jornalnovametropole.com.br\/wp\/wp-json\/wp\/v2\/posts\/21284"}],"collection":[{"href":"https:\/\/jornalnovametropole.com.br\/wp\/wp-json\/wp\/v2\/posts"}],"about":[{"href":"https:\/\/jornalnovametropole.com.br\/wp\/wp-json\/wp\/v2\/types\/post"}],"author":[{"embeddable":true,"href":"https:\/\/jornalnovametropole.com.br\/wp\/wp-json\/wp\/v2\/users\/3"}],"replies":[{"embeddable":true,"href":"https:\/\/jornalnovametropole.com.br\/wp\/wp-json\/wp\/v2\/comments?post=21284"}],"version-history":[{"count":1,"href":"https:\/\/jornalnovametropole.com.br\/wp\/wp-json\/wp\/v2\/posts\/21284\/revisions"}],"predecessor-version":[{"id":21285,"href":"https:\/\/jornalnovametropole.com.br\/wp\/wp-json\/wp\/v2\/posts\/21284\/revisions\/21285"}],"wp:featuredmedia":[{"embeddable":true,"href":"https:\/\/jornalnovametropole.com.br\/wp\/wp-json\/wp\/v2\/media\/21245"}],"wp:attachment":[{"href":"https:\/\/jornalnovametropole.com.br\/wp\/wp-json\/wp\/v2\/media?parent=21284"}],"wp:term":[{"taxonomy":"category","embeddable":true,"href":"https:\/\/jornalnovametropole.com.br\/wp\/wp-json\/wp\/v2\/categories?post=21284"},{"taxonomy":"post_tag","embeddable":true,"href":"https:\/\/jornalnovametropole.com.br\/wp\/wp-json\/wp\/v2\/tags?post=21284"}],"curies":[{"name":"wp","href":"https:\/\/api.w.org\/{rel}","templated":true}]}}