{"id":20781,"date":"2018-09-07T05:10:32","date_gmt":"2018-09-07T05:10:32","guid":{"rendered":"http:\/\/jornalnovametropole.com.br\/wp\/?p=20781"},"modified":"2018-09-06T11:27:39","modified_gmt":"2018-09-06T11:27:39","slug":"exposicao-ocorre-na-praca-dom-pedro-ii","status":"publish","type":"post","link":"https:\/\/jornalnovametropole.com.br\/wp\/exposicao-ocorre-na-praca-dom-pedro-ii\/","title":{"rendered":"Exposi\u00e7\u00e3o ocorre na Pra\u00e7a Dom Pedro II"},"content":{"rendered":"<p><span style=\"font-family: helvetica; font-size: 21px;\"><strong>O Desfile C\u00edvico contar\u00e1 com aproximadamente 3 mil integrantes<\/strong><\/span><\/p>\n<p>Os alunos da Rede Municipal de Educa\u00e7\u00e3o come\u00e7aram a visitar o Projeto Pra\u00e7a Patriota, que envolve as Secretarias de Cultura, Seguran\u00e7a e Educa\u00e7\u00e3o. O tema abordado \u00e9 \u201cA P\u00e1tria e seus S\u00edmbolos: O Ex\u00e9rcito Brasileiro\u201d. A exposi\u00e7\u00e3o acontece na Pra\u00e7a Dom Pedro II. O evento foi aberto ao p\u00fablico e quem visitou a pra\u00e7a, p\u00f4de conferir os equipamentos utilizados pelos soldados do Ex\u00e9rcito Brasileiro, do Regimento Deodoro da cidade de It\u00fa, viaturas e os c\u00e3es do canil da Guarda Civil, at\u00e9 quarta-feira (5). J\u00e1 os pain\u00e9is com os breves relatos de importantes batalhas travadas ao longo da hist\u00f3ria do pa\u00eds ficar\u00e3o expostos at\u00e9 o dia 22.<br \/>\nOs temas relacionados \u00e0 P\u00e1tria ser\u00e3o abordados nas aulas das escolas municipais, e no decorrer do m\u00eas, ser\u00e3o realizadas atividades para que as crian\u00e7as aprendam mais sobre a hist\u00f3ria do Brasil e sua import\u00e2ncia.<\/p>\n<p><strong>Desfile<\/strong><br \/>\nHoje, dia 7 de Setembro, a Administra\u00e7\u00e3o Municipal promove o tradicional Desfile C\u00edvico a partir das 8h30 na Avenida Engenheiro F\u00e1bio Roberto Barnab\u00e9 (Marginal do Parque Ecol\u00f3gico) entre as Ruas Miguel Domingues e Benedito Narezzi, pr\u00f3ximo ao Barco.<br \/>\nO Desfile C\u00edvico de Indaiatuba contar\u00e1 com aproximadamente tr\u00eas mil integrantes.<br \/>\nTer\u00e1 in\u00edcio com a Corpora\u00e7\u00e3o Villa-Lobos em formato de fanfarra, seguido por aproximadamente mil alunos da Rede Municipal de Educa\u00e7\u00e3o. Tamb\u00e9m participar\u00e3o grupos de escoteiros, integrantes das Secretarias de Esportes, Cultura, Sa\u00fade, Funssol (Fundo Social de Solidariedade), Guarda Civil, Defesa Civil, Centro de Educa\u00e7\u00e3o Pr\u00e9-Militar (CEPM), Fiec (Funda\u00e7\u00e3o Indaiatubana de Educa\u00e7\u00e3o e Cultura).<br \/>\nO desfile contar\u00e1 ainda com representantes da Pol\u00edcia Militar, Pol\u00edcia Civil, Corpo de Bombeiros, Saae e das empresas Agritech, Kion, Corpus, John Deere e Toyota, todos com ve\u00edculos e viaturas.<\/p>\n","protected":false},"excerpt":{"rendered":"<p>O Desfile C\u00edvico contar\u00e1 com aproximadamente 3 mil integrantes Os alunos da Rede Municipal de Educa\u00e7\u00e3o come\u00e7aram a visitar o<\/p>\n","protected":false},"author":3,"featured_media":20782,"comment_status":"open","ping_status":"open","sticky":false,"template":"","format":"standard","meta":[],"categories":[3000,5],"tags":[4064,4065,4063],"_links":{"self":[{"href":"https:\/\/jornalnovametropole.com.br\/wp\/wp-json\/wp\/v2\/posts\/20781"}],"collection":[{"href":"https:\/\/jornalnovametropole.com.br\/wp\/wp-json\/wp\/v2\/posts"}],"about":[{"href":"https:\/\/jornalnovametropole.com.br\/wp\/wp-json\/wp\/v2\/types\/post"}],"author":[{"embeddable":true,"href":"https:\/\/jornalnovametropole.com.br\/wp\/wp-json\/wp\/v2\/users\/3"}],"replies":[{"embeddable":true,"href":"https:\/\/jornalnovametropole.com.br\/wp\/wp-json\/wp\/v2\/comments?post=20781"}],"version-history":[{"count":1,"href":"https:\/\/jornalnovametropole.com.br\/wp\/wp-json\/wp\/v2\/posts\/20781\/revisions"}],"predecessor-version":[{"id":20783,"href":"https:\/\/jornalnovametropole.com.br\/wp\/wp-json\/wp\/v2\/posts\/20781\/revisions\/20783"}],"wp:featuredmedia":[{"embeddable":true,"href":"https:\/\/jornalnovametropole.com.br\/wp\/wp-json\/wp\/v2\/media\/20782"}],"wp:attachment":[{"href":"https:\/\/jornalnovametropole.com.br\/wp\/wp-json\/wp\/v2\/media?parent=20781"}],"wp:term":[{"taxonomy":"category","embeddable":true,"href":"https:\/\/jornalnovametropole.com.br\/wp\/wp-json\/wp\/v2\/categories?post=20781"},{"taxonomy":"post_tag","embeddable":true,"href":"https:\/\/jornalnovametropole.com.br\/wp\/wp-json\/wp\/v2\/tags?post=20781"}],"curies":[{"name":"wp","href":"https:\/\/api.w.org\/{rel}","templated":true}]}}