{"id":20456,"date":"2018-08-17T05:43:54","date_gmt":"2018-08-17T05:43:54","guid":{"rendered":"http:\/\/jornalnovametropole.com.br\/wp\/?p=20456"},"modified":"2018-08-16T20:35:53","modified_gmt":"2018-08-16T20:35:53","slug":"amamentacao-real-uma-relacao-de-amor","status":"publish","type":"post","link":"https:\/\/jornalnovametropole.com.br\/wp\/amamentacao-real-uma-relacao-de-amor\/","title":{"rendered":"Amamenta\u00e7\u00e3o real, uma rela\u00e7\u00e3o de amor"},"content":{"rendered":"<figure id=\"attachment_20458\" aria-describedby=\"caption-attachment-20458\" style=\"width: 900px\" class=\"wp-caption alignnone\"><img loading=\"lazy\" class=\"size-full wp-image-20458\" src=\"http:\/\/jornalnovametropole.com.br\/wp\/wp-content\/uploads\/2018\/08\/12-Amamenta\u00e7\u00e3o.jpg\" alt=\"\" width=\"900\" height=\"600\" srcset=\"https:\/\/jornalnovametropole.com.br\/wp\/wp-content\/uploads\/2018\/08\/12-Amamenta\u00e7\u00e3o.jpg 900w, https:\/\/jornalnovametropole.com.br\/wp\/wp-content\/uploads\/2018\/08\/12-Amamenta\u00e7\u00e3o-300x200.jpg 300w, https:\/\/jornalnovametropole.com.br\/wp\/wp-content\/uploads\/2018\/08\/12-Amamenta\u00e7\u00e3o-768x512.jpg 768w\" sizes=\"(max-width: 900px) 100vw, 900px\" \/><figcaption id=\"caption-attachment-20458\" class=\"wp-caption-text\"><em>Foto Roberto Moreyra \/ Ag\u00eancia O Globo<\/em><\/figcaption><\/figure>\n<h3><strong>Especialistas tiram d\u00favidas sobre o aleitamento materno<\/strong><\/h3>\n<p>A Semana Mundial do Aleitamento Materno, que aconteceu recentemente, teve como objetivo incentivar a amamenta\u00e7\u00e3o, principalmente nos seis primeiros meses de vida do beb\u00ea. Quem j\u00e1 amamentou sabe as dores e del\u00edcias de alimentar seu filho. Veja a seguir os problemas mais frequentes e o que dizem os especialistas. As feridas que surgem no bico do peito, por exemplo, apesar de dolorosas, podem ser evitadas.<br \/>\n\u201cA pega incorreta do beb\u00ea pode ser o motivo de os mamilos ficarem machucados. Corrija a posi\u00e7\u00e3o e fique tranquila. O pr\u00f3prio leite \u00e9 um \u00f3timo cicatrizante. Tamb\u00e9m considere a utiliza\u00e7\u00e3o de produtos que ajudam na cicatriza\u00e7\u00e3o das les\u00f5es, mas somente com a indica\u00e7\u00e3o do seu m\u00e9dico\u201d, orienta o ginecologista e obstetra Corintio Mariani Neto, presidente da Comiss\u00e3o Nacional de Aleitamento Materno da Federa\u00e7\u00e3o Brasileira das Associa\u00e7\u00f5es de Ginecologia e Obstetr\u00edcia (Febrasgo).<br \/>\nNos primeiros dias ap\u00f3s o parto, a m\u00e3e produz o colostro: um pr\u00e9-leite, rico em prote\u00ednas e anticorpos, fundamental para a sa\u00fade da crian\u00e7a.<br \/>\n\u201cAinda no hospital, ouvi de enfermeiras que eu n\u00e3o tinha colostro e que precisariam dar leite artificial para minha filha. Fui firme e esperei que meu colostro viesse, j\u00e1 que a beb\u00ea sugava bem e n\u00e3o chorava\u201d, diz a professora Taina\u00e7\u00e3 Espasandin, de 37 anos, m\u00e3e de Yasmin de 6 meses.<\/p>\n<p><img loading=\"lazy\" class=\"alignnone size-full wp-image-20457\" src=\"http:\/\/jornalnovametropole.com.br\/wp\/wp-content\/uploads\/2018\/08\/12-Amamenta\u00e7\u00e3o-2.jpg\" alt=\"\" width=\"900\" height=\"596\" srcset=\"https:\/\/jornalnovametropole.com.br\/wp\/wp-content\/uploads\/2018\/08\/12-Amamenta\u00e7\u00e3o-2.jpg 900w, https:\/\/jornalnovametropole.com.br\/wp\/wp-content\/uploads\/2018\/08\/12-Amamenta\u00e7\u00e3o-2-300x199.jpg 300w, https:\/\/jornalnovametropole.com.br\/wp\/wp-content\/uploads\/2018\/08\/12-Amamenta\u00e7\u00e3o-2-768x509.jpg 768w\" sizes=\"(max-width: 900px) 100vw, 900px\" \/><\/p>\n<h6><em>texto: Evelin Azevedo\/ infoglobo | foto: divulga\u00e7\u00e3o<\/em><\/h6>\n","protected":false},"excerpt":{"rendered":"<p>Especialistas tiram d\u00favidas sobre o aleitamento materno A Semana Mundial do Aleitamento Materno, que aconteceu recentemente, teve como objetivo incentivar<\/p>\n","protected":false},"author":3,"featured_media":20458,"comment_status":"open","ping_status":"open","sticky":false,"template":"","format":"standard","meta":[],"categories":[2882,5],"tags":[4015,4016],"_links":{"self":[{"href":"https:\/\/jornalnovametropole.com.br\/wp\/wp-json\/wp\/v2\/posts\/20456"}],"collection":[{"href":"https:\/\/jornalnovametropole.com.br\/wp\/wp-json\/wp\/v2\/posts"}],"about":[{"href":"https:\/\/jornalnovametropole.com.br\/wp\/wp-json\/wp\/v2\/types\/post"}],"author":[{"embeddable":true,"href":"https:\/\/jornalnovametropole.com.br\/wp\/wp-json\/wp\/v2\/users\/3"}],"replies":[{"embeddable":true,"href":"https:\/\/jornalnovametropole.com.br\/wp\/wp-json\/wp\/v2\/comments?post=20456"}],"version-history":[{"count":1,"href":"https:\/\/jornalnovametropole.com.br\/wp\/wp-json\/wp\/v2\/posts\/20456\/revisions"}],"predecessor-version":[{"id":20459,"href":"https:\/\/jornalnovametropole.com.br\/wp\/wp-json\/wp\/v2\/posts\/20456\/revisions\/20459"}],"wp:featuredmedia":[{"embeddable":true,"href":"https:\/\/jornalnovametropole.com.br\/wp\/wp-json\/wp\/v2\/media\/20458"}],"wp:attachment":[{"href":"https:\/\/jornalnovametropole.com.br\/wp\/wp-json\/wp\/v2\/media?parent=20456"}],"wp:term":[{"taxonomy":"category","embeddable":true,"href":"https:\/\/jornalnovametropole.com.br\/wp\/wp-json\/wp\/v2\/categories?post=20456"},{"taxonomy":"post_tag","embeddable":true,"href":"https:\/\/jornalnovametropole.com.br\/wp\/wp-json\/wp\/v2\/tags?post=20456"}],"curies":[{"name":"wp","href":"https:\/\/api.w.org\/{rel}","templated":true}]}}