{"id":20149,"date":"2018-07-27T05:35:42","date_gmt":"2018-07-27T05:35:42","guid":{"rendered":"http:\/\/jornalnovametropole.com.br\/wp\/?p=20149"},"modified":"2018-07-26T14:17:07","modified_gmt":"2018-07-26T14:17:07","slug":"cultura-promove-tardes-do-rock","status":"publish","type":"post","link":"https:\/\/jornalnovametropole.com.br\/wp\/cultura-promove-tardes-do-rock\/","title":{"rendered":"Cultura promove \u2018Tardes do Rock\u2019"},"content":{"rendered":"<p><img loading=\"lazy\" class=\"alignnone size-full wp-image-20150\" src=\"http:\/\/jornalnovametropole.com.br\/wp\/wp-content\/uploads\/2018\/07\/TARDE-DE-ROCK.jpg\" alt=\"\" width=\"900\" height=\"600\" srcset=\"https:\/\/jornalnovametropole.com.br\/wp\/wp-content\/uploads\/2018\/07\/TARDE-DE-ROCK.jpg 900w, https:\/\/jornalnovametropole.com.br\/wp\/wp-content\/uploads\/2018\/07\/TARDE-DE-ROCK-300x200.jpg 300w, https:\/\/jornalnovametropole.com.br\/wp\/wp-content\/uploads\/2018\/07\/TARDE-DE-ROCK-768x512.jpg 768w\" sizes=\"(max-width: 900px) 100vw, 900px\" \/><\/p>\n<h6><em>Foto\u00a0Arquivo Giuliano Miranda \u2013 RIC\/PMI<\/em><\/h6>\n<p>A Secretaria de Cultura promove mais uma edi\u00e7\u00e3o do \u2018Tardes do Rock\u2019 no domingo, dia 29, a partir das 18h, na Concha Ac\u00fastica do Parque Ecol\u00f3gico. Sobem ao palco as bandas Nine Nine\u00b4s (99) e O Som da Mensagem (OSDM). Em caso de chuva, o evento ser\u00e1 cancelado. Informa\u00e7\u00f5es (19) 3894-1867.<br \/>\nO projeto acontece h\u00e1 mais de dez anos, visa estimular o interesse da popula\u00e7\u00e3o pelo Rock, valorizar os grupos da cidade e da regi\u00e3o e oferecer mais uma op\u00e7\u00e3o de lLzer gratuita \u00e0 popula\u00e7\u00e3o.<\/p>\n<p><strong><em>Nine Nine\u2019s (99)<\/em><\/strong><br \/>\nQue tal voltar ao som dos anos 80, ao melhor do Hard Rock? V\u00e1 a um show da Nine Nine\u2019s!! Formada no final de 2016 com o intuito de ser uma banda calcada no melhor do Hard Rock anos 80, misturando sonoridades Punk Rock e at\u00e9 Heavy Metal, Nine Nine\u2019s \u00e9 tamb\u00e9m a fus\u00e3o de membros de outras duas bandas da cena Heavy Metal Indaiatubana: Licantropos (antiga banda do Rafa) e Dose Letal (antiga banda de Elvis e Rods).<br \/>\nAp\u00f3s algumas mudan\u00e7as de forma\u00e7\u00e3o, atualmente conta com Cau\u00ea Felix (tamb\u00e9m integrante da banda de Hard Rock Dirty Swede) nos vocais e \u2018Oliver\u2019 Lucas no baixo. Uma reuni\u00e3o de peso para detonar com altas doses de Rock n Roll para mexer com voc\u00eas.<\/p>\n<p><strong><em>OSDM<\/em><\/strong><br \/>\nO Projeto musical O Som da Mensagem surgiu em 2007 com a finalidade de agregar m\u00fasicas que falavam sobre a Recupera\u00e7\u00e3o da Depend\u00eancia Qu\u00edmica compostas por dependentes qu\u00edmicos em recupera\u00e7\u00e3o e sobriedade cont\u00ednua onde foram apresentadas diversos artistas e bandas do Brasil, sobretudo, dos Estados de S\u00e3o Paulo e Rio de Janeiro.<br \/>\nAlguns artistas acabaram ficando conhecidos por suas can\u00e7\u00f5es em todo o Brasil por membros de grupos de apoio, cl\u00ednicas de recupera\u00e7\u00e3o para dependentes qu\u00edmicos e Institui\u00e7\u00f5es de Ensino especializadas em cursos de capacita\u00e7\u00e3o na \u00e1rea da drogadic\u00e7\u00e3o e do alcoolismo, como foi o caso de um dos idealizadores do Projeto O Som da Mensagem, Eduardo N\u00f3brega.<br \/>\nEm 2009 houve a necessidade de se formar uma banda principal do projeto que levou o nome do mesmo &#8211; Banda O Som da Mensagem. At\u00e9 2016, as m\u00fasicas foram gravadas de forma amadora, em home studios. Em Janeiro de 2017, a banda recebeu o apoio do Power Audio Studio Stage Record e de pessoas como o produtor musical e engenheiro de Som Caio Ribeiro, o engenheiro de Som Eurico Tavares, o m\u00fasico guitarrista da Banda Adrede Tiago Lorenzeti, o baixista Guto Lui, o guitarrista F\u00e1bio Barreto e do baterista Fabrizio Picchi, entre outros apoios fundamentais para a produ\u00e7\u00e3o de um \u00e1lbum profissional. Em novembro de 2018 ser\u00e1 lan\u00e7ado o 1\u00ba \u00c1lbum profissional da banda.<\/p>\n","protected":false},"excerpt":{"rendered":"<p>Foto\u00a0Arquivo Giuliano Miranda \u2013 RIC\/PMI A Secretaria de Cultura promove mais uma edi\u00e7\u00e3o do \u2018Tardes do Rock\u2019 no domingo, dia<\/p>\n","protected":false},"author":3,"featured_media":20150,"comment_status":"open","ping_status":"open","sticky":false,"template":"","format":"standard","meta":[],"categories":[3000,5],"tags":[3928],"_links":{"self":[{"href":"https:\/\/jornalnovametropole.com.br\/wp\/wp-json\/wp\/v2\/posts\/20149"}],"collection":[{"href":"https:\/\/jornalnovametropole.com.br\/wp\/wp-json\/wp\/v2\/posts"}],"about":[{"href":"https:\/\/jornalnovametropole.com.br\/wp\/wp-json\/wp\/v2\/types\/post"}],"author":[{"embeddable":true,"href":"https:\/\/jornalnovametropole.com.br\/wp\/wp-json\/wp\/v2\/users\/3"}],"replies":[{"embeddable":true,"href":"https:\/\/jornalnovametropole.com.br\/wp\/wp-json\/wp\/v2\/comments?post=20149"}],"version-history":[{"count":1,"href":"https:\/\/jornalnovametropole.com.br\/wp\/wp-json\/wp\/v2\/posts\/20149\/revisions"}],"predecessor-version":[{"id":20151,"href":"https:\/\/jornalnovametropole.com.br\/wp\/wp-json\/wp\/v2\/posts\/20149\/revisions\/20151"}],"wp:featuredmedia":[{"embeddable":true,"href":"https:\/\/jornalnovametropole.com.br\/wp\/wp-json\/wp\/v2\/media\/20150"}],"wp:attachment":[{"href":"https:\/\/jornalnovametropole.com.br\/wp\/wp-json\/wp\/v2\/media?parent=20149"}],"wp:term":[{"taxonomy":"category","embeddable":true,"href":"https:\/\/jornalnovametropole.com.br\/wp\/wp-json\/wp\/v2\/categories?post=20149"},{"taxonomy":"post_tag","embeddable":true,"href":"https:\/\/jornalnovametropole.com.br\/wp\/wp-json\/wp\/v2\/tags?post=20149"}],"curies":[{"name":"wp","href":"https:\/\/api.w.org\/{rel}","templated":true}]}}