{"id":19898,"date":"2018-07-06T05:00:37","date_gmt":"2018-07-06T05:00:37","guid":{"rendered":"http:\/\/jornalnovametropole.com.br\/wp\/?p=19898"},"modified":"2018-07-05T18:27:07","modified_gmt":"2018-07-05T18:27:07","slug":"horoscopo-0607","status":"publish","type":"post","link":"https:\/\/jornalnovametropole.com.br\/wp\/horoscopo-0607\/","title":{"rendered":"Hor\u00f3scopo 06\/07"},"content":{"rendered":"<p><strong>\u00c1ries<\/strong><br \/>\n<em>21 de Mar\u00e7o a 20 de Abril<br \/>\n<\/em>O per\u00edodo est\u00e1 favor\u00e1vel para dar o recado, manter contatos e se destacar por interm\u00e9dio da boa comunica\u00e7\u00e3o. Sempre \u00e9 bom, no entanto, manter a prud\u00eancia antes de falar, mesmo com aspectos favor\u00e1veis nesse sentido. No amor tamb\u00e9m h\u00e1 um clima prop\u00edcio para manter o tom em alto astral. SA\u00daDE: cuidar do corpo e manter momentos de relaxamento e de literal descanso sempre \u00e9 bom para quem estiver trabalhando demais.<\/p>\n<p>&nbsp;<\/p>\n<p><strong>Touro<\/strong><br \/>\n<em>21 de Abril a 20 de Maio<br \/>\n<\/em>Boas ideias estimulam a possibilidade de fazer render os dividendos. Elas tamb\u00e9m podem se traduzir em maior desenvolvimento econ\u00f4mico. Com o Sol em G\u00eameos, aumenta sua capacidade de lidar com os bens materiais e a acreditar mais em seu direcionamento. SA\u00daDE: continua forte, mesmo \u00e0quelas que possuem doen\u00e7as cr\u00f4nicas. At\u00e9 o dia 20, \u00e9 bom observar a possibilidade de qualquer doen\u00e7a transmiss\u00edvel que prejudique as vias nasais.<\/p>\n<p>&nbsp;<\/p>\n<p><strong>G\u00eameos<\/strong><br \/>\n<em>21 de Maio a 20 de Junho<br \/>\n<\/em>Esse momento de final de m\u00eas e in\u00edcio de julho \u00e9 muito interessante para deixar fluir o que tem de melhor, seus talentos. Interesses poss\u00edveis por novas tecnologias podem criar oportunidades de neg\u00f3cios. No amor, procure manter a calma e eleg\u00e2ncia. Para quem estiver solteira, a atra\u00e7\u00e3o pessoal est\u00e1 forte. SA\u00daDE: nutrir bons pensamentos e aumentar sua autoconfian\u00e7a pode ser um forte elixir para evitar at\u00e9 literais dores de cabe\u00e7a.<\/p>\n<p>&nbsp;<\/p>\n<p><strong>C\u00e2ncer<\/strong><br \/>\n<em>21 de Junho a 21 de Julho<br \/>\n<\/em>Nesta semana, h\u00e1 maior clareza e aten\u00e7\u00e3o em suas a\u00e7\u00f5es, ou digamos, para decidir se continua ou n\u00e3o em um direcionamento profissional, pessoal ou outro qualquer. Questionamentos entre mundo material e espiritual podem ocorrer de maneira sistem\u00e1tica. De forma geral, h\u00e1 certa desacelera\u00e7\u00e3o. SA\u00daDE: nos pr\u00f3ximos tr\u00eas dias h\u00e1 certa instabilidade na energia do corpo, o que torna um pouco mais suscet\u00edvel diante de doen\u00e7as virais.<\/p>\n<p>&nbsp;<\/p>\n<p><strong>Le\u00e3o<\/strong><br \/>\n<em>22 de Julho a 22 de Agosto<br \/>\n<\/em>As leoninas t\u00eam tudo para colocar em ordem as quest\u00f5es financeiras, sobretudo depois de terem as informa\u00e7\u00f5es necess\u00e1rias desde o dia 23 de maio. Agora h\u00e1 maior clareamento das ideias para conduzir planos com objetividade e determina\u00e7\u00e3o. N\u00e3o se precipite e tire suas pr\u00f3prias conclus\u00f5es. SA\u00daDE: momento muito bom para a sa\u00fade. Hora de deixar a vida fluir com mais tranquilidade para conseguir efetivar seus objetivos pessoais.<\/p>\n<p>&nbsp;<\/p>\n<p><strong>Virgem<\/strong><br \/>\n<em>23 de Agosto a 23 de Setembro<br \/>\n<\/em>Com o per\u00edodo extremamente propenso para encontrar solu\u00e7\u00f5es diversas no mundo do trabalho, as finan\u00e7as tamb\u00e9m devem se destacar. H\u00e1 uma simbiose entre a evolu\u00e7\u00e3o no trabalho e a material, parece que uma depende da outra e sua reputa\u00e7\u00e3o pode estar em jogo, basta agir com prud\u00eancia e sabedoria. SA\u00daDE: com as agita\u00e7\u00f5es naturais do cotidiano e de seu progresso no campo do trabalho, seria interessante tomar precau\u00e7\u00f5es quanto aos sinais de cansa\u00e7o que ao fim podem prejudicar a sa\u00fade.<\/p>\n<p>&nbsp;<\/p>\n<p><strong>Libra<\/strong><br \/>\n<em>23 de Setembro a 22 de Outubro<\/em><br \/>\nDificuldades no campo do trabalho podem atrapalhar momentaneamente, mas nada como a perspic\u00e1cia e a intui\u00e7\u00e3o n\u00e3o consigam antever. Ao mesmo tempo, a curiosidade diante de informa\u00e7\u00f5es at\u00e9 certo ponto desconhecidas podem trazer oportunidades. SA\u00daDE: procure manter a prud\u00eancia com a ingest\u00e3o de alimentos, sobretudo os l\u00edquidos. Uma dieta alimentar ou reeduca\u00e7\u00e3o alimentar pode facilmente cair por terra diante da ansiedade.<\/p>\n<p>&nbsp;<\/p>\n<p><strong>Escorpi\u00e3o<\/strong><br \/>\n<em>23 de Outubro a 21 de Novembro<br \/>\n<\/em>As emo\u00e7\u00f5es ainda continuam a ditar as regras desse per\u00edodo. Evidentemente que nem tudo est\u00e1 ao alcance da m\u00e3o, \u00e9 preciso ter a capacidade de discernir os pr\u00f3s e contras antes de uma tomada de decis\u00e3o importante. Quest\u00f5es de ordem material e de herdeiros est\u00e3o na pauta desta semana. SA\u00daDE: h\u00e1 restabelecimento de partes do corpo que encontram for\u00e7a na mente forte das escorpianas. \u00c9 poss\u00edvel, inclusive, com Marte em seu signo, mesmo retr\u00f3grado, ter um forte alento em recupera\u00e7\u00f5es f\u00edsicas.<\/p>\n<p>&nbsp;<\/p>\n<p><strong>Sagit\u00e1rio<\/strong><br \/>\n<em>22 de Novembro a 21 de Dezembro<\/em><br \/>\nSe porventura estiver vindo de um momento com dificuldades, calma, pois inicia um per\u00edodo bem produtivo para deixar fluir seus objetivos pessoais e profissionais. At\u00e9 o amor, os acordos e as sociedades podem ganhar em clareza e evolu\u00e7\u00e3o neste momento. SA\u00daDE: a mente tem um fator preponderante quanto \u00e0 sa\u00fade, neste momento do ano. Se por acaso vierem \u2018n\u00e3os\u2019, evite esmorecer, v\u00e1 em frente.<\/p>\n<p>&nbsp;<\/p>\n<p><strong>Capric\u00f3rnio<\/strong><br \/>\n<em>22 de Dezembro a 20 de Janeiro<br \/>\n<\/em>\u00c0s vezes pode pintar aquele clima de dar um tempo para descansar e relaxar mesmo para deixar fluir, por exemplo, trabalhos a partir de a\u00e7\u00f5es de terceiros. Isso ser\u00e1 bom em julho, pois ter\u00e1 de aprender a lidar com s\u00f3cios e companheiros mais pr\u00f3ximos no trabalho, diga-se, um aprendizado que ficar\u00e1 para as experi\u00eancias da vida. SA\u00daDE: nesses pr\u00f3ximos 20 dias, aproximadamente, a sa\u00fade poder\u00e1 passar por instabilidades.<\/p>\n<p>&nbsp;<\/p>\n<p><strong>Aqu\u00e1rio<\/strong><br \/>\n<em>21 de Janeiro a 19 de Fevereiro<br \/>\n<\/em>Por mais que n\u00e3o creia, voc\u00ea soma pontos na profiss\u00e3o. H\u00e1 maior vontade e dinamismo para conduzir planos porque mexe com a criatividade. Alegria e divers\u00e3o tamb\u00e9m conduzem sua vida de forma positiva. Evite estresse e a\u00e7\u00f5es que interfiram no lado emocional. SA\u00daDE: no meio de acertos e poss\u00edveis desacertos, totalmente naturais para quem tem objetivo de vida, a ansiedade pode ganhar for\u00e7a.<\/p>\n<p>&nbsp;<\/p>\n<p><strong>Peixes<\/strong><br \/>\n<em>20 de Fevereiro a 20 de Mar\u00e7o<br \/>\n<\/em>Uma das dicas do momento \u00e9 concluir o que deve ser executado. Evite deixar tarefas para o dia seguinte e, quem sabe, apare at\u00e9 as arestas e pend\u00eancias entre colegas ou amigos. Se pode resolver, por que n\u00e3o fazer, n\u00e3o \u00e9? Por sinal, cobran\u00e7as dentro de casa e no trabalho far\u00e3o com que tenha atitudes diplom\u00e1ticas para equilibrar interesses. SA\u00daDE: alguns planetas em aspectos dif\u00edceis inspiram cuidados com as energias do corpo. A dica \u00e9 se programar de tal forma para conservar o equil\u00edbrio.<\/p>\n","protected":false},"excerpt":{"rendered":"<p>\u00c1ries 21 de Mar\u00e7o a 20 de Abril O per\u00edodo est\u00e1 favor\u00e1vel para dar o recado, manter contatos e se<\/p>\n","protected":false},"author":3,"featured_media":0,"comment_status":"open","ping_status":"open","sticky":false,"template":"","format":"standard","meta":[],"categories":[68,10],"tags":[71],"_links":{"self":[{"href":"https:\/\/jornalnovametropole.com.br\/wp\/wp-json\/wp\/v2\/posts\/19898"}],"collection":[{"href":"https:\/\/jornalnovametropole.com.br\/wp\/wp-json\/wp\/v2\/posts"}],"about":[{"href":"https:\/\/jornalnovametropole.com.br\/wp\/wp-json\/wp\/v2\/types\/post"}],"author":[{"embeddable":true,"href":"https:\/\/jornalnovametropole.com.br\/wp\/wp-json\/wp\/v2\/users\/3"}],"replies":[{"embeddable":true,"href":"https:\/\/jornalnovametropole.com.br\/wp\/wp-json\/wp\/v2\/comments?post=19898"}],"version-history":[{"count":1,"href":"https:\/\/jornalnovametropole.com.br\/wp\/wp-json\/wp\/v2\/posts\/19898\/revisions"}],"predecessor-version":[{"id":19899,"href":"https:\/\/jornalnovametropole.com.br\/wp\/wp-json\/wp\/v2\/posts\/19898\/revisions\/19899"}],"wp:attachment":[{"href":"https:\/\/jornalnovametropole.com.br\/wp\/wp-json\/wp\/v2\/media?parent=19898"}],"wp:term":[{"taxonomy":"category","embeddable":true,"href":"https:\/\/jornalnovametropole.com.br\/wp\/wp-json\/wp\/v2\/categories?post=19898"},{"taxonomy":"post_tag","embeddable":true,"href":"https:\/\/jornalnovametropole.com.br\/wp\/wp-json\/wp\/v2\/tags?post=19898"}],"curies":[{"name":"wp","href":"https:\/\/api.w.org\/{rel}","templated":true}]}}