{"id":19678,"date":"2018-06-15T14:13:49","date_gmt":"2018-06-15T14:13:49","guid":{"rendered":"http:\/\/jornalnovametropole.com.br\/wp\/?p=19678"},"modified":"2018-06-15T14:13:49","modified_gmt":"2018-06-15T14:13:49","slug":"obras-instala-repetidor-sincronizado-em-semaforo-da-marginal-esquerda","status":"publish","type":"post","link":"https:\/\/jornalnovametropole.com.br\/wp\/obras-instala-repetidor-sincronizado-em-semaforo-da-marginal-esquerda\/","title":{"rendered":"Obras instala repetidor sincronizado em sem\u00e1foro da marginal esquerda"},"content":{"rendered":"<p><img loading=\"lazy\" class=\"alignnone size-full wp-image-19679\" src=\"http:\/\/jornalnovametropole.com.br\/wp\/wp-content\/uploads\/2018\/06\/Semafaro-Pq-Ecologico.jpg\" alt=\"\" width=\"900\" height=\"600\" srcset=\"https:\/\/jornalnovametropole.com.br\/wp\/wp-content\/uploads\/2018\/06\/Semafaro-Pq-Ecologico.jpg 900w, https:\/\/jornalnovametropole.com.br\/wp\/wp-content\/uploads\/2018\/06\/Semafaro-Pq-Ecologico-300x200.jpg 300w, https:\/\/jornalnovametropole.com.br\/wp\/wp-content\/uploads\/2018\/06\/Semafaro-Pq-Ecologico-768x512.jpg 768w\" sizes=\"(max-width: 900px) 100vw, 900px\" \/><\/p>\n<p><strong><span style=\"font-size: 21px; font-family: helvetica;\">Proposta \u00e9 oferecer mais seguran\u00e7a no acesso \u00e0 avenida<\/span><\/strong><\/p>\n<h6><em>Foto\u00a0Eliandro Figueira RIC\/PMI<\/em><\/h6>\n<p>A Secretaria de Obras e Vias P\u00fablicas instalou um repetidor semaf\u00f3rico sincronizado no sem\u00e1foro da avenida Eng\u00ba F\u00e1bio Roberto Barnab\u00e9 \u2013 Marginal Esquerda do Parque Ecol\u00f3gico, no cruzamento com a avenida F\u00e1bio Ferraz Bicudo. O sistema entrou em opera\u00e7\u00e3o nesta quinta-feira (14). O objetivo \u00e9 permitir o acesso seguro de condutores de ve\u00edculos que est\u00e3o no Jardim Pau Preto e precisam acessar a Marginal pela rua Jo\u00e3o da Fonseca Bicudo.<br \/>\nO mesmo sistema com repetidor sincronizado j\u00e1 funciona no sem\u00e1foro instalado em outro ponto da Marginal Esquerda, no cruzamento com a rua Miguel Domingues, nas proximidades do Parque da Crian\u00e7a.<br \/>\nNesses dois pontos da avenida Engenheiro F\u00e1bio Roberto Barnab\u00e9 o fluxo de ve\u00edculos \u00e9 bastante intenso, e como os acessos dos bairros para a Marginal s\u00e3o muito pr\u00f3ximos do sem\u00e1foro, a manobra n\u00e3o era segura, por isso a necessidade de instala\u00e7\u00e3o do repetidor.<br \/>\nEntre os pr\u00f3ximos projetos de tr\u00e2nsito da Secretaria de Obras tamb\u00e9m est\u00e1 a instala\u00e7\u00e3o de um sem\u00e1foro de pedestres ap\u00f3s a nova al\u00e7a de acesso que est\u00e1 em fase de conclus\u00e3o, na altura do Jardim Hubert.<\/p>\n","protected":false},"excerpt":{"rendered":"<p>Proposta \u00e9 oferecer mais seguran\u00e7a no acesso \u00e0 avenida Foto\u00a0Eliandro Figueira RIC\/PMI A Secretaria de Obras e Vias P\u00fablicas instalou<\/p>\n","protected":false},"author":3,"featured_media":19679,"comment_status":"open","ping_status":"open","sticky":false,"template":"","format":"standard","meta":[],"categories":[16],"tags":[2232,3829],"_links":{"self":[{"href":"https:\/\/jornalnovametropole.com.br\/wp\/wp-json\/wp\/v2\/posts\/19678"}],"collection":[{"href":"https:\/\/jornalnovametropole.com.br\/wp\/wp-json\/wp\/v2\/posts"}],"about":[{"href":"https:\/\/jornalnovametropole.com.br\/wp\/wp-json\/wp\/v2\/types\/post"}],"author":[{"embeddable":true,"href":"https:\/\/jornalnovametropole.com.br\/wp\/wp-json\/wp\/v2\/users\/3"}],"replies":[{"embeddable":true,"href":"https:\/\/jornalnovametropole.com.br\/wp\/wp-json\/wp\/v2\/comments?post=19678"}],"version-history":[{"count":1,"href":"https:\/\/jornalnovametropole.com.br\/wp\/wp-json\/wp\/v2\/posts\/19678\/revisions"}],"predecessor-version":[{"id":19680,"href":"https:\/\/jornalnovametropole.com.br\/wp\/wp-json\/wp\/v2\/posts\/19678\/revisions\/19680"}],"wp:featuredmedia":[{"embeddable":true,"href":"https:\/\/jornalnovametropole.com.br\/wp\/wp-json\/wp\/v2\/media\/19679"}],"wp:attachment":[{"href":"https:\/\/jornalnovametropole.com.br\/wp\/wp-json\/wp\/v2\/media?parent=19678"}],"wp:term":[{"taxonomy":"category","embeddable":true,"href":"https:\/\/jornalnovametropole.com.br\/wp\/wp-json\/wp\/v2\/categories?post=19678"},{"taxonomy":"post_tag","embeddable":true,"href":"https:\/\/jornalnovametropole.com.br\/wp\/wp-json\/wp\/v2\/tags?post=19678"}],"curies":[{"name":"wp","href":"https:\/\/api.w.org\/{rel}","templated":true}]}}