{"id":19515,"date":"2018-06-08T05:09:50","date_gmt":"2018-06-08T05:09:50","guid":{"rendered":"http:\/\/jornalnovametropole.com.br\/wp\/?p=19515"},"modified":"2018-06-08T11:53:45","modified_gmt":"2018-06-08T11:53:45","slug":"noticias-de-veiculos-0806","status":"publish","type":"post","link":"https:\/\/jornalnovametropole.com.br\/wp\/noticias-de-veiculos-0806\/","title":{"rendered":"Not\u00edcias de Ve\u00edculos 08\/06"},"content":{"rendered":"<h3><img loading=\"lazy\" class=\"alignnone wp-image-19517 size-full\" src=\"http:\/\/jornalnovametropole.com.br\/wp\/wp-content\/uploads\/2018\/06\/21-nota-e1528375384458.jpeg\" alt=\"\" width=\"783\" height=\"506\" srcset=\"https:\/\/jornalnovametropole.com.br\/wp\/wp-content\/uploads\/2018\/06\/21-nota-e1528375384458.jpeg 783w, https:\/\/jornalnovametropole.com.br\/wp\/wp-content\/uploads\/2018\/06\/21-nota-e1528375384458-300x194.jpeg 300w, https:\/\/jornalnovametropole.com.br\/wp\/wp-content\/uploads\/2018\/06\/21-nota-e1528375384458-768x496.jpeg 768w\" sizes=\"(max-width: 783px) 100vw, 783px\" \/><\/h3>\n<h3>Mini<\/h3>\n<p>O Mini reestilizado chega com altera\u00e7\u00f5es nos logotipos e nas lanternas, que passam a trazer o desenho da bandeira do Reino Unido. As vers\u00f5es com motor 1.5 turbo de tr\u00eas cilindros e 136 cv custam de R$ 119.-990 (Exclusive) a R$ 135.990 (Top de quatro portas). O 2.0 turbo (192 cv) est\u00e1 nas vers\u00f5es S, que custa R$ 159.990, com duas portas, e R$ 165.990, com quatro portas. H\u00e1 ainda o John Cooper Works (JCW), com o 2.0 de 231 cv, por R$ 179.990.<\/p>\n<p>_____________________________________________________________________________<\/p>\n<h3>Prisma 2019<\/h3>\n<p>O Chevrolet Prisma chega \u00e0 linha 2019 com refor\u00e7o no conte\u00fado. Retrovisores el\u00e9tricos, computador de bordo, c\u00e2mera na traseira e rodas de liga leve passam a vir de s\u00e9rie desde a vers\u00e3o LT, cuja tabela parte de R$ 58.890. A LTZ, por sua vez, ganhou bancos de couro. J\u00e1 a Advantage, oferecida exclusivamente com c\u00e2mbio autom\u00e1tico e tabelada a R$ 59.590, n\u00e3o tem itens como central multim\u00eddia nem rodas de liga leve. O motor \u00e9 sempre o 1.4 flex\u00edvel de at\u00e9 106 cv de pot\u00eancia.<\/p>\n<p>_____________________________________________________________________________<\/p>\n<h3>BMW M 140i<\/h3>\n<p>A BMW j\u00e1 come\u00e7ou a vender o M 140i, vers\u00e3o esportiva do S\u00e9rie 1. Com tabela de R$ 269.950, o hatch alem\u00e3o tem motor 3.0 turbo de seis cilindros e 340 cv, c\u00e2mbio autom\u00e1tico de oito marchas com op\u00e7\u00e3o de trocas manuais e tra\u00e7\u00e3o traseira. Por fora, h\u00e1 detalhes esportivos em itens como para-choques, pin\u00e7as de freio e sa\u00eddas de escape. A cabine tem bancos de couro com ajuste el\u00e9trico e cinco op\u00e7\u00f5es de cor. Outros destaques s\u00e3o assistente de arrancadas, seis airbags, ar-condicionado de duas zonas, central multim\u00eddia com tela de 8,8 polegadas, c\u00e2mera na traseira e teto solar el\u00e9trico.<\/p>\n","protected":false},"excerpt":{"rendered":"<p>Mini O Mini reestilizado chega com altera\u00e7\u00f5es nos logotipos e nas lanternas, que passam a trazer o desenho da bandeira<\/p>\n","protected":false},"author":3,"featured_media":19517,"comment_status":"open","ping_status":"open","sticky":false,"template":"","format":"standard","meta":[],"categories":[7],"tags":[3155],"_links":{"self":[{"href":"https:\/\/jornalnovametropole.com.br\/wp\/wp-json\/wp\/v2\/posts\/19515"}],"collection":[{"href":"https:\/\/jornalnovametropole.com.br\/wp\/wp-json\/wp\/v2\/posts"}],"about":[{"href":"https:\/\/jornalnovametropole.com.br\/wp\/wp-json\/wp\/v2\/types\/post"}],"author":[{"embeddable":true,"href":"https:\/\/jornalnovametropole.com.br\/wp\/wp-json\/wp\/v2\/users\/3"}],"replies":[{"embeddable":true,"href":"https:\/\/jornalnovametropole.com.br\/wp\/wp-json\/wp\/v2\/comments?post=19515"}],"version-history":[{"count":2,"href":"https:\/\/jornalnovametropole.com.br\/wp\/wp-json\/wp\/v2\/posts\/19515\/revisions"}],"predecessor-version":[{"id":19520,"href":"https:\/\/jornalnovametropole.com.br\/wp\/wp-json\/wp\/v2\/posts\/19515\/revisions\/19520"}],"wp:featuredmedia":[{"embeddable":true,"href":"https:\/\/jornalnovametropole.com.br\/wp\/wp-json\/wp\/v2\/media\/19517"}],"wp:attachment":[{"href":"https:\/\/jornalnovametropole.com.br\/wp\/wp-json\/wp\/v2\/media?parent=19515"}],"wp:term":[{"taxonomy":"category","embeddable":true,"href":"https:\/\/jornalnovametropole.com.br\/wp\/wp-json\/wp\/v2\/categories?post=19515"},{"taxonomy":"post_tag","embeddable":true,"href":"https:\/\/jornalnovametropole.com.br\/wp\/wp-json\/wp\/v2\/tags?post=19515"}],"curies":[{"name":"wp","href":"https:\/\/api.w.org\/{rel}","templated":true}]}}