{"id":19498,"date":"2018-06-01T05:45:16","date_gmt":"2018-06-01T05:45:16","guid":{"rendered":"http:\/\/jornalnovametropole.com.br\/wp\/?p=19498"},"modified":"2018-05-31T17:02:11","modified_gmt":"2018-05-31T17:02:11","slug":"prefeitura-divulga-programacao-da-semana-do-meio-ambiente","status":"publish","type":"post","link":"https:\/\/jornalnovametropole.com.br\/wp\/prefeitura-divulga-programacao-da-semana-do-meio-ambiente\/","title":{"rendered":"Prefeitura divulga programa\u00e7\u00e3o da Semana do Meio Ambiente"},"content":{"rendered":"<p><img loading=\"lazy\" class=\"alignnone size-full wp-image-19499\" src=\"http:\/\/jornalnovametropole.com.br\/wp\/wp-content\/uploads\/2018\/05\/08-abre-Meio-Ambiente.jpg\" alt=\"\" width=\"900\" height=\"600\" srcset=\"https:\/\/jornalnovametropole.com.br\/wp\/wp-content\/uploads\/2018\/05\/08-abre-Meio-Ambiente.jpg 900w, https:\/\/jornalnovametropole.com.br\/wp\/wp-content\/uploads\/2018\/05\/08-abre-Meio-Ambiente-300x200.jpg 300w, https:\/\/jornalnovametropole.com.br\/wp\/wp-content\/uploads\/2018\/05\/08-abre-Meio-Ambiente-768x512.jpg 768w\" sizes=\"(max-width: 900px) 100vw, 900px\" \/><\/p>\n<p><span style=\"font-family: helvetica; font-size: 21px;\"><strong>Parque Tem\u00e1tico ter\u00e1 evento dia 9 com diversas a\u00e7\u00f5es de preserva\u00e7\u00e3o do Meio Ambiente<\/strong><\/span><\/p>\n<h6><em>Foto\u00a0Arquivo &#8211; Giuliano Miranda &#8211; RIC\/PMI<\/em><\/h6>\n<p>A Prefeitura Municipal divulgou nesta semana a programa\u00e7\u00e3o de Indaiatuba para a Semana Nacional do Meio Ambiente, que acontece entre os dias 4 e 10 de junho. Para o dia 5 de junho, que \u00e9 o Dia do Meio Ambiente, a Secretaria de Urbanismo e do Meio Ambiente programou um plantio na Rota dos Cavaleiros, com a parceria do grupo de escoteiros Rosa dos Ventos, e tamb\u00e9m a doa\u00e7\u00e3o de mudas do Projeto Click \u00c1rvore, nas Pra\u00e7as Rui Barbosa e Dom Pedro II, no Centro, entre outras atividades.<br \/>\nDurante a semana, as escolas da Rede Municipal receber\u00e3o palestras e pe\u00e7as teatrais sobre o tema, al\u00e9m dos projetos \u2018Trilha das \u00c1guas\u2019, \u2018Semeando\u2019 e \u2018Rota de Recicl\u00e1veis\u2019, que \u00e9 desenvolvido em parceria com a Corpus.<br \/>\nNo s\u00e1bado, dia 9, \u00e0s 10h, o Urbanismo promover\u00e1 um evento no Parque Tem\u00e1tico, com soltura de alevinos, doa\u00e7\u00e3o de mudas do Click \u00c1rvore e doa\u00e7\u00e3o de hortali\u00e7as. No local ser\u00e1 montado o laborat\u00f3rio m\u00f3vel do Saae, estandes da equipe da Defesa Civil para orienta\u00e7\u00e3o de combate a inc\u00eandio, do Programa de Biodiesel e do Programa de Controle da Dengue.<br \/>\nO Projeto \u2018Domingo Ecol\u00f3gico\u2019 fechar\u00e1 a programa\u00e7\u00e3o da Semana do Meio Ambiente, na Escola Municipal Ambiental Bosque do Saber. O evento ter\u00e1 in\u00edcio \u00e0s 13h e contar\u00e1 com Gincana Ecol\u00f3gica com a equipe Terra Encantada da empresa Domus; pe\u00e7a teatral com o tema Meio Ambiente da empresa Mann Hummel; Oficina de Pancs (Plantas Aliment\u00edcias n\u00e3o Convencionais) e Oficinas sobre Feira de Ci\u00eancias.<br \/>\nO Saae (Servi\u00e7o Aut\u00f4nomo de \u00c1gua e Esgotos) \u00e9 um dos parceiros das a\u00e7\u00f5es da Semana do Meio Ambiente.<\/p>\n<p><span style=\"font-family: helvetica; font-size: 18px;\"><strong>Programa\u00e7\u00e3o<\/strong><\/span><\/p>\n<p><strong>4\/6 (Segunda-feira)<\/strong><\/p>\n<p>7h30<br \/>\nLocal: Emeb Profa. Maria Nazareth Pimentel \u2013 Rua Zephiro Puccinelli, 1.200 \u2013 Jd. Morada do Sol<br \/>\nPalestra \u2018Meio Ambiente e Reciclagem\u2019 (palestrante: Valdir da Semurb \u2013 dura\u00e7\u00e3o 20 minutos)<br \/>\nPe\u00e7a teatral \u2018Sane e sua Turma: um Passeio no Parque do Mirim\u2019 (dura\u00e7\u00e3o 25 minutos)<\/p>\n<p>8h<br \/>\nLocal: Campo de Provas da General Motors do Brasil<br \/>\nVisita orientada Emeb Dom Ildefonso Stehle para conhecer a\u00e7\u00f5es de sustentabilidade e preserva\u00e7\u00e3o do meio ambiente da empresa<\/p>\n<p>10h<br \/>\nLocal: Emeb Prof. Jo\u00e3o Em\u00edlio Angelieri \u2013 Rua Teot\u00f4nio Vilela, 136 \u2013 Jd. Itamarac\u00e1<br \/>\nPalestra \u2018Meio Ambiente e Reciclagem\u2019 (palestrante: Valdir da Semurb \u2013 dura\u00e7\u00e3o 20 minutos)<br \/>\nPe\u00e7a teatral \u2018Sane e sua Turma: um Passeio no Parque do Mirim\u2019 (dura\u00e7\u00e3o 25 minutos)<\/p>\n<p>13h15<br \/>\nLocal: Emeb Prof. Jo\u00e3o Em\u00edlio Angelieri \u2013 Rua Teot\u00f4nio Vilela, 136 \u2013 Jd. Itamarac\u00e1<br \/>\nPalestra \u2018Meio Ambiente e Reciclagem\u2019 (palestrante: Valdir da Semurb \u2013 dura\u00e7\u00e3o 20 minutos)<br \/>\nPe\u00e7a teatral \u2018Sane e sua Turma: um Passeio no Parque do Mirim\u2019 (dura\u00e7\u00e3o 25 minutos)<\/p>\n<p>15h<br \/>\nLocal: Emeb Profa. Maria Nazareth Pimentel \u2013 Rua Zephiro Puccinelli, 1.200 \u2013 Jd. Morada do Sol<br \/>\nPalestra \u2018Meio Ambiente e Reciclagem\u2019 (palestrante: Valdir da Semurb \u2013 dura\u00e7\u00e3o 20 minutos)<br \/>\nPe\u00e7a teatral \u2018Sane e sua Turma: um Passeio no Parque do Mirim\u2019 (dura\u00e7\u00e3o 25 minutos)<\/p>\n<p><strong>5\/6 (Ter\u00e7a-feira)<\/strong><br \/>\n7h30<br \/>\nLocal: Complexo Educacional Prof. N\u00edzio Vieira \u2013 Rua Jordalino Pietro Bom, 297 \u2013 Jd. Morada do Sol<br \/>\nPalestra \u2018Meio Ambiente e Reciclagem\u2019 (palestrante: Valdir da Semurb \u2013 dura\u00e7\u00e3o 20 minutos)<br \/>\nPe\u00e7a teatral \u2018Sane e sua Turma: um Passeio no Parque do Mirim\u2019 (dura\u00e7\u00e3o 25 minutos)<\/p>\n<p>8h<br \/>\nRoteiro \u2018Projeto Trilha das \u00c1guas\u2019 com os alunos da Emeb Prof. S\u00e9rgio M\u00e1rio de Almeida<\/p>\n<p>8h<br \/>\nLocal: Pra\u00e7a Rui Barbosa e Pra\u00e7a Dom Pedro II \u2013 Centro<br \/>\nDoa\u00e7\u00e3o de mudas do Projeto Click \u00c1rvore pelos funcion\u00e1rios da Secretaria de Urbanismo e do Meio Ambiente<br \/>\nUnidade m\u00f3vel do Programa de Controle da Dengue<\/p>\n<p>8h15<br \/>\nLocal: Complexo Educacional Prof. N\u00edzio Vieira \u2013 Rua Jordalino Pietro Bom, 297 \u2013 Jd. M. do Sol<br \/>\nPalestra \u2018Meio Ambiente e Reciclagem\u2019 (palestrante: Valdir da Semurb \u2013 dura\u00e7\u00e3o 20 minutos<br \/>\nPe\u00e7a teatral \u2018Sane e sua Turma: um Passeio no Parque do Mirim\u2019 (dura\u00e7\u00e3o 25 minutos)<\/p>\n<p>9h<br \/>\nPlantio na Rota dos Cavaleiros com os escoteiros do grupo Rosa dos Ventos<\/p>\n<p>9h<br \/>\nLocal: Escola Municipal Ambiental Bosque do Saber \u2013 Rua Jo\u00e3o Batista D\u2019Alessandro, 610 \u2013 Jd. do Sol<br \/>\nProjeto \u2018Semeando\u2019 com os alunos da Emeb Cleonice Lemos Naressi<\/p>\n<p>13h15<br \/>\nLocal: Complexo Educacional Prof. N\u00edzio Vieira \u2013 Rua Jordalino Pietro Bom, 297 \u2013 Jd. Morada do Sol<br \/>\nPalestra \u2018Meio Ambiente e Reciclagem\u2019 (palestrante: Valdir da Semurb \u2013 dura\u00e7\u00e3o 20 minutos)<br \/>\nPe\u00e7a teatral \u2018Sane e sua Turma: um Passeio no Parque do Mirim\u2019 (dura\u00e7\u00e3o 25 minutos)<\/p>\n<p>13h45<br \/>\nLocal: Complexo Educacional Prof. N\u00edzio Vieira \u2013 Rua Jordalino Pietro Bom, 297 \u2013 Jd. Morada do Sol<br \/>\nPalestra \u2018Meio Ambiente e Reciclagem\u2019 (palestrante: Valdir da Semurb \u2013 dura\u00e7\u00e3o 20 minutos)<br \/>\nPe\u00e7a teatral \u2018Sane e sua Turma: um Passeio no Parque do Mirim\u2019 (dura\u00e7\u00e3o 25 minutos)<\/p>\n<p>14h<br \/>\nLocal: Escola Municipal Ambiental Bosque do Saber \u2013 Rua Jo\u00e3o Batista D\u2019Alessandro, 610 \u2013 Jd. do Sol<br \/>\nProjeto \u2018Semeando\u2019 com os alunos da Emeb Cleonice Lemos Naressi<\/p>\n<p>14h<br \/>\nRoteiro \u2018Projeto Trilha das \u00c1guas\u2019 com os alunos da Emeb Prof. S\u00e9rgio M\u00e1rio de Almeida<\/p>\n<p><strong>6\/6 (Quarta-feira)<\/strong><\/p>\n<p>7h30<br \/>\nLocal: Emeb Prof. Luiz Carlos Batista de Moura \u2013 Rua Ant\u00f4nio Cantelli, 1.315 \u2013 Jd. Morada do Sol<br \/>\nPalestra \u2018Meio Ambiente e Reciclagem\u2019 (palestrante: Valdir da Semurb \u2013 dura\u00e7\u00e3o 20 minutos)<br \/>\nPe\u00e7a teatral \u2018Sane e sua Turma: um Passeio no Parque do Mirim\u2019 (dura\u00e7\u00e3o 25 minutos)<\/p>\n<p>8h15<br \/>\nLocal: Emeb Prof. Luiz Carlos Batista de Moura \u2013 Rua Ant\u00f4nio Cantelli, 1.315 \u2013 Jd. Morada do Sol<br \/>\nPalestra \u2018Meio Ambiente e Reciclagem\u2019 (palestrante: Valdir da Semurb \u2013 dura\u00e7\u00e3o 20 minutos)<br \/>\nPe\u00e7a teatral \u2018Sane e sua Turma: um Passeio no Parque do Mirim\u2019 (dura\u00e7\u00e3o 25 minutos)<\/p>\n<p>13h15<br \/>\nLocal: Emeb Prof. Luiz Carlos Batista de Moura \u2013 Rua Ant\u00f4nio Cantelli, 1.315 \u2013 Jd. Morada do Sol<br \/>\nPalestra \u2018Meio Ambiente e Reciclagem\u2019 (palestrante: Valdir da Semurb \u2013 dura\u00e7\u00e3o 20 minutos)<br \/>\nPe\u00e7a teatral \u2018Sane e sua Turma: um Passeio no Parque do Mirim\u2019 (dura\u00e7\u00e3o 25 minutos)<\/p>\n<p>13h45<br \/>\nLocal: Emeb Prof. Luiz Carlos Batista de Moura \u2013 Rua Ant\u00f4nio Cantelli, 1.315 \u2013 Jd. Morada do Sol<br \/>\nPalestra \u2018Meio Ambiente e Reciclagem\u2019 (palestrante: Valdir da Semurb \u2013 dura\u00e7\u00e3o 20 minutos)<br \/>\nPe\u00e7a teatral \u2018Sane e sua Turma: um Passeio no Parque do Mirim\u2019 (dura\u00e7\u00e3o 25 minutos)<\/p>\n<p><strong>7\/6 (Quinta-feira)<\/strong><\/p>\n<p>9h<br \/>\nLocal: Escola Municipal Ambiental Bosque do Saber \u2013 Rua Jo\u00e3o Batista D\u2019Alessandro, 610 \u2013 Jd. do Sol<br \/>\nProjeto \u2018Semeando\u2019 com os alunos da Emeb Profa. Joanna Gurgel<\/p>\n<p>14h<br \/>\nLocal: Escola Municipal Ambiental Bosque do Saber \u2013 Rua Jo\u00e3o Batista D\u2019Alessandro, 610 \u2013 Jd. do Sol<br \/>\nProjeto \u2018Semeando\u2019 com os alunos da Emeb Profa. Joanna Gurgel<\/p>\n<p><strong>8\/6 (Sexta-feira)<\/strong><\/p>\n<p>8h<br \/>\nLocal: Aterro Sanit\u00e1rio e Centro de Triagem de Coleta Seletiva<br \/>\nVisita: alunos da Emeb Prof. Luiz Carlos Batista de Moura ao projeto Rota dos Recicl\u00e1veis em parceria com a empresa Corpus<\/p>\n<p>14h<br \/>\nLocal: Aterro Sanit\u00e1rio e Centro de Triagem de Coleta Seletiva<br \/>\nVisita: alunos da Emeb Prof. Luiz Carlos Batista de Moura ao projeto Rota dos Recicl\u00e1veis em parceria com a empresa Corpus<\/p>\n<p><strong>9\/6 (S\u00e1bado)<\/strong><\/p>\n<p>10h<br \/>\nLocal: Parque Tem\u00e1tico \u2013 Avenida Eng. F\u00e1bio Roberto Barnab\u00e9 \u2013 Jd. Monte Verde<br \/>\n\u2022 Soltura alevinos;<br \/>\n\u2022 Click \u00c1rvore;<br \/>\n\u2022 Doa\u00e7\u00e3o de hortali\u00e7as;<br \/>\n\u2022 Laborat\u00f3rio m\u00f3vel do Saae;<br \/>\n\u2022 Defesa Civil \u2013 combate a inc\u00eandios;<br \/>\n\u2022 Biodiesel;<br \/>\n\u2022Programa de Controle da Dengue<\/p>\n<p><strong>10\/6 (Domingo)<\/strong><\/p>\n<p>13h<br \/>\nLocal: Escola Municipal Ambiental Bosque do Saber \u2013 Rua Jo\u00e3o Batista D\u2019Alessandro, 610 \u2013 Jd. do Sol<br \/>\nDomingo Ecol\u00f3gico<br \/>\n\u2022 Gincana Ecol\u00f3gica \u2013 com a equipe Terra Encantada da empresa Domus;<br \/>\n\u2022 Pe\u00e7a Teatral com o tema \u2018Meio Ambiente\u2019 da empresa Mann Hummel;<br \/>\n\u2022 Oficina de Pancs;<br \/>\n\u2022 Oficinas sobre Feira de Ci\u00eancias<\/p>\n","protected":false},"excerpt":{"rendered":"<p>Parque Tem\u00e1tico ter\u00e1 evento dia 9 com diversas a\u00e7\u00f5es de preserva\u00e7\u00e3o do Meio Ambiente Foto\u00a0Arquivo &#8211; Giuliano Miranda &#8211; RIC\/PMI<\/p>\n","protected":false},"author":3,"featured_media":19499,"comment_status":"open","ping_status":"open","sticky":false,"template":"","format":"standard","meta":[],"categories":[3],"tags":[26],"_links":{"self":[{"href":"https:\/\/jornalnovametropole.com.br\/wp\/wp-json\/wp\/v2\/posts\/19498"}],"collection":[{"href":"https:\/\/jornalnovametropole.com.br\/wp\/wp-json\/wp\/v2\/posts"}],"about":[{"href":"https:\/\/jornalnovametropole.com.br\/wp\/wp-json\/wp\/v2\/types\/post"}],"author":[{"embeddable":true,"href":"https:\/\/jornalnovametropole.com.br\/wp\/wp-json\/wp\/v2\/users\/3"}],"replies":[{"embeddable":true,"href":"https:\/\/jornalnovametropole.com.br\/wp\/wp-json\/wp\/v2\/comments?post=19498"}],"version-history":[{"count":1,"href":"https:\/\/jornalnovametropole.com.br\/wp\/wp-json\/wp\/v2\/posts\/19498\/revisions"}],"predecessor-version":[{"id":19500,"href":"https:\/\/jornalnovametropole.com.br\/wp\/wp-json\/wp\/v2\/posts\/19498\/revisions\/19500"}],"wp:featuredmedia":[{"embeddable":true,"href":"https:\/\/jornalnovametropole.com.br\/wp\/wp-json\/wp\/v2\/media\/19499"}],"wp:attachment":[{"href":"https:\/\/jornalnovametropole.com.br\/wp\/wp-json\/wp\/v2\/media?parent=19498"}],"wp:term":[{"taxonomy":"category","embeddable":true,"href":"https:\/\/jornalnovametropole.com.br\/wp\/wp-json\/wp\/v2\/categories?post=19498"},{"taxonomy":"post_tag","embeddable":true,"href":"https:\/\/jornalnovametropole.com.br\/wp\/wp-json\/wp\/v2\/tags?post=19498"}],"curies":[{"name":"wp","href":"https:\/\/api.w.org\/{rel}","templated":true}]}}