{"id":18957,"date":"2018-04-21T06:30:23","date_gmt":"2018-04-21T06:30:23","guid":{"rendered":"http:\/\/jornalnovametropole.com.br\/wp\/?p=18957"},"modified":"2018-04-20T18:44:23","modified_gmt":"2018-04-20T18:44:23","slug":"imagem-da-semana-capacitacao-2104","status":"publish","type":"post","link":"https:\/\/jornalnovametropole.com.br\/wp\/imagem-da-semana-capacitacao-2104\/","title":{"rendered":"Imagem da Semana &#8211; Capacita\u00e7\u00e3o 21\/04"},"content":{"rendered":"<h6><img loading=\"lazy\" class=\"alignnone  wp-image-18958\" src=\"http:\/\/jornalnovametropole.com.br\/wp\/wp-content\/uploads\/2018\/04\/02-Img-Semana-2-1024x718.jpg\" alt=\"\" width=\"665\" height=\"466\" srcset=\"https:\/\/jornalnovametropole.com.br\/wp\/wp-content\/uploads\/2018\/04\/02-Img-Semana-2-1024x718.jpg 1024w, https:\/\/jornalnovametropole.com.br\/wp\/wp-content\/uploads\/2018\/04\/02-Img-Semana-2-300x210.jpg 300w, https:\/\/jornalnovametropole.com.br\/wp\/wp-content\/uploads\/2018\/04\/02-Img-Semana-2-768x538.jpg 768w, https:\/\/jornalnovametropole.com.br\/wp\/wp-content\/uploads\/2018\/04\/02-Img-Semana-2.jpg 1969w\" sizes=\"(max-width: 665px) 100vw, 665px\" \/><\/h6>\n<h6><em>Foto\u00a0Eduardo Turati &#8211; RIC\/PMI<\/em><\/h6>\n<p>Na segunda-feira (16), os guardas civis assistiram uma palestra ministrada pela CPFL visando aproveitar a requalifica\u00e7\u00e3o anual da Guarda Civil, para ensinar como os guardas devem se comportar em ocorr\u00eancias que envolvem fios da rede el\u00e9trica ca\u00eddos ao solo, ou a alguma altura que possa gerar danos \u00e0s pessoas. Na palestra, os guardas conheceram o caminho percorrido pela energia el\u00e9trica, desde a sua gera\u00e7\u00e3o at\u00e9 as resid\u00eancias, aprenderam as diferen\u00e7as das redes de distribui\u00e7\u00e3o presentes nas cidades, quais os procedimentos devem ser adotados ao depararem com uma ocorr\u00eancia envolvendo cabos energizados e as consequ\u00eancias da falta de aten\u00e7\u00e3o em ocorr\u00eancias desse tipo. Estiveram presentes o gerente de Neg\u00f3cios da CPFL, Rog\u00e9rio Klinke; o gerente de Opera\u00e7\u00f5es em Campo, Josias; o coordenador de Opera\u00e7\u00f5es, Cristiano e o t\u00e9cnico em Seguran\u00e7a do Trabalho da CPFL, Hor\u00e1cio.<\/p>\n","protected":false},"excerpt":{"rendered":"<p>Foto\u00a0Eduardo Turati &#8211; RIC\/PMI Na segunda-feira (16), os guardas civis assistiram uma palestra ministrada pela CPFL visando aproveitar a requalifica\u00e7\u00e3o<\/p>\n","protected":false},"author":3,"featured_media":18958,"comment_status":"open","ping_status":"open","sticky":false,"template":"","format":"standard","meta":[],"categories":[16],"tags":[325,369],"_links":{"self":[{"href":"https:\/\/jornalnovametropole.com.br\/wp\/wp-json\/wp\/v2\/posts\/18957"}],"collection":[{"href":"https:\/\/jornalnovametropole.com.br\/wp\/wp-json\/wp\/v2\/posts"}],"about":[{"href":"https:\/\/jornalnovametropole.com.br\/wp\/wp-json\/wp\/v2\/types\/post"}],"author":[{"embeddable":true,"href":"https:\/\/jornalnovametropole.com.br\/wp\/wp-json\/wp\/v2\/users\/3"}],"replies":[{"embeddable":true,"href":"https:\/\/jornalnovametropole.com.br\/wp\/wp-json\/wp\/v2\/comments?post=18957"}],"version-history":[{"count":1,"href":"https:\/\/jornalnovametropole.com.br\/wp\/wp-json\/wp\/v2\/posts\/18957\/revisions"}],"predecessor-version":[{"id":18959,"href":"https:\/\/jornalnovametropole.com.br\/wp\/wp-json\/wp\/v2\/posts\/18957\/revisions\/18959"}],"wp:featuredmedia":[{"embeddable":true,"href":"https:\/\/jornalnovametropole.com.br\/wp\/wp-json\/wp\/v2\/media\/18958"}],"wp:attachment":[{"href":"https:\/\/jornalnovametropole.com.br\/wp\/wp-json\/wp\/v2\/media?parent=18957"}],"wp:term":[{"taxonomy":"category","embeddable":true,"href":"https:\/\/jornalnovametropole.com.br\/wp\/wp-json\/wp\/v2\/categories?post=18957"},{"taxonomy":"post_tag","embeddable":true,"href":"https:\/\/jornalnovametropole.com.br\/wp\/wp-json\/wp\/v2\/tags?post=18957"}],"curies":[{"name":"wp","href":"https:\/\/api.w.org\/{rel}","templated":true}]}}