{"id":17543,"date":"2018-02-03T06:10:26","date_gmt":"2018-02-03T06:10:26","guid":{"rendered":"http:\/\/jornalnovametropole.com.br\/wp\/?p=17543"},"modified":"2018-02-01T14:01:24","modified_gmt":"2018-02-01T14:01:24","slug":"versatil-e-para-todos-os-dias","status":"publish","type":"post","link":"https:\/\/jornalnovametropole.com.br\/wp\/versatil-e-para-todos-os-dias\/","title":{"rendered":"Vers\u00e1til e para todos os dias"},"content":{"rendered":"<h3><img loading=\"lazy\" class=\"alignnone size-full wp-image-17545\" src=\"http:\/\/jornalnovametropole.com.br\/wp\/wp-content\/uploads\/2018\/02\/Papo-de-Sal\u00e3o20.jpg\" alt=\"\" width=\"777\" height=\"900\" srcset=\"https:\/\/jornalnovametropole.com.br\/wp\/wp-content\/uploads\/2018\/02\/Papo-de-Sal\u00e3o20.jpg 777w, https:\/\/jornalnovametropole.com.br\/wp\/wp-content\/uploads\/2018\/02\/Papo-de-Sal\u00e3o20-259x300.jpg 259w, https:\/\/jornalnovametropole.com.br\/wp\/wp-content\/uploads\/2018\/02\/Papo-de-Sal\u00e3o20-768x890.jpg 768w\" sizes=\"(max-width: 777px) 100vw, 777px\" \/><\/h3>\n<h3>Danielle Tabach adorou o\u00a0penteado inspirado em Nathalia Dill<\/h3>\n<h6><em>texto: infoglobo | fotos: divulga\u00e7\u00e3o\/veluccis coiffeur e reprodu\u00e7\u00e3o<\/em><\/h6>\n<p>Fazer um penteado nos cabelos, \u00e0s vezes, pode parecer muito complicado. E escolher o ideal para certo tipo de ocasi\u00e3o, mais ainda. Por isso, \u00e9 sembre bom contar com aqueles que servem para diversos momentos, como este usado pela atriz Nathalia Dill.<br \/>\n\u201c\u00c9 um penteado atemporal, vers\u00e1til e chique. D\u00e1 para us\u00e1-lo em uma festa glamourosa ou em um almo\u00e7o \u00e0 tarde\u201d &#8211; afirma Carlete Felix, cabelereira do Veluccis Coiffeur.<br \/>\nDanielle Tabach, de 23 anos, comemorou o penteado que a fez se sentir alguns anos mais jovem: \u201cadorei esse penteado, meio preso, meio solto, porque n\u00e3o sou muito f\u00e3 de cabelo preso. Com o modelo, me sinto jovem e elegante\u201d.<\/p>\n<p><img loading=\"lazy\" class=\"alignnone size-full wp-image-17544\" src=\"http:\/\/jornalnovametropole.com.br\/wp\/wp-content\/uploads\/2018\/02\/Papo-de-Sal\u00e3o-x-20.jpg\" alt=\"\" width=\"900\" height=\"381\" srcset=\"https:\/\/jornalnovametropole.com.br\/wp\/wp-content\/uploads\/2018\/02\/Papo-de-Sal\u00e3o-x-20.jpg 900w, https:\/\/jornalnovametropole.com.br\/wp\/wp-content\/uploads\/2018\/02\/Papo-de-Sal\u00e3o-x-20-300x127.jpg 300w, https:\/\/jornalnovametropole.com.br\/wp\/wp-content\/uploads\/2018\/02\/Papo-de-Sal\u00e3o-x-20-768x325.jpg 768w\" sizes=\"(max-width: 900px) 100vw, 900px\" \/><\/p>\n","protected":false},"excerpt":{"rendered":"<p>Danielle Tabach adorou o\u00a0penteado inspirado em Nathalia Dill texto: infoglobo | fotos: divulga\u00e7\u00e3o\/veluccis coiffeur e reprodu\u00e7\u00e3o Fazer um penteado nos<\/p>\n","protected":false},"author":3,"featured_media":17545,"comment_status":"open","ping_status":"open","sticky":false,"template":"","format":"standard","meta":[],"categories":[3164,231,5],"tags":[3321,1659,3190],"_links":{"self":[{"href":"https:\/\/jornalnovametropole.com.br\/wp\/wp-json\/wp\/v2\/posts\/17543"}],"collection":[{"href":"https:\/\/jornalnovametropole.com.br\/wp\/wp-json\/wp\/v2\/posts"}],"about":[{"href":"https:\/\/jornalnovametropole.com.br\/wp\/wp-json\/wp\/v2\/types\/post"}],"author":[{"embeddable":true,"href":"https:\/\/jornalnovametropole.com.br\/wp\/wp-json\/wp\/v2\/users\/3"}],"replies":[{"embeddable":true,"href":"https:\/\/jornalnovametropole.com.br\/wp\/wp-json\/wp\/v2\/comments?post=17543"}],"version-history":[{"count":1,"href":"https:\/\/jornalnovametropole.com.br\/wp\/wp-json\/wp\/v2\/posts\/17543\/revisions"}],"predecessor-version":[{"id":17546,"href":"https:\/\/jornalnovametropole.com.br\/wp\/wp-json\/wp\/v2\/posts\/17543\/revisions\/17546"}],"wp:featuredmedia":[{"embeddable":true,"href":"https:\/\/jornalnovametropole.com.br\/wp\/wp-json\/wp\/v2\/media\/17545"}],"wp:attachment":[{"href":"https:\/\/jornalnovametropole.com.br\/wp\/wp-json\/wp\/v2\/media?parent=17543"}],"wp:term":[{"taxonomy":"category","embeddable":true,"href":"https:\/\/jornalnovametropole.com.br\/wp\/wp-json\/wp\/v2\/categories?post=17543"},{"taxonomy":"post_tag","embeddable":true,"href":"https:\/\/jornalnovametropole.com.br\/wp\/wp-json\/wp\/v2\/tags?post=17543"}],"curies":[{"name":"wp","href":"https:\/\/api.w.org\/{rel}","templated":true}]}}