{"id":16988,"date":"2017-12-16T06:30:08","date_gmt":"2017-12-16T06:30:08","guid":{"rendered":"http:\/\/jornalnovametropole.com.br\/wp\/?p=16988"},"modified":"2017-12-14T20:00:46","modified_gmt":"2017-12-14T20:00:46","slug":"noticias-de-veiculos-16122017","status":"publish","type":"post","link":"https:\/\/jornalnovametropole.com.br\/wp\/noticias-de-veiculos-16122017\/","title":{"rendered":"Not\u00edcias de Ve\u00edculos 16\/12\/2017"},"content":{"rendered":"<p><a href=\"http:\/\/jornalnovametropole.com.br\/wp\/wp-content\/uploads\/2017\/12\/30-nota-2.jpg\"><img loading=\"lazy\" class=\"alignnone wp-image-16989 size-full\" src=\"http:\/\/jornalnovametropole.com.br\/wp\/wp-content\/uploads\/2017\/12\/30-nota-2.jpg\" alt=\"\" width=\"900\" height=\"554\" srcset=\"https:\/\/jornalnovametropole.com.br\/wp\/wp-content\/uploads\/2017\/12\/30-nota-2.jpg 900w, https:\/\/jornalnovametropole.com.br\/wp\/wp-content\/uploads\/2017\/12\/30-nota-2-300x185.jpg 300w, https:\/\/jornalnovametropole.com.br\/wp\/wp-content\/uploads\/2017\/12\/30-nota-2-768x473.jpg 768w\" sizes=\"(max-width: 900px) 100vw, 900px\" \/><\/a><\/p>\n<p><strong>Ranking<\/strong><\/p>\n<h6><em>Foto Divulga\u00e7\u00e3o<\/em><\/h6>\n<p>Pela primeira vez neste ano, a Volkswagen ficou \u00e0 frente da Fiat no ranking de vendas. A marca de origem alem\u00e3 registrou, em novembro, 25.569 autom\u00f3veis e comerciais leves emplacados, ante os 24.791 da italiana. Os dados s\u00e3o da Fenabrave, federa\u00e7\u00e3o que re\u00fane associa\u00e7\u00f5es de concession\u00e1rias. O resultado da VW foi impulsionado pelo Polo, que registrou 3.831 vendas e foi o 16\u00ba carro mais emplacado em seu primeiro m\u00eas de vendas. Al\u00e9m disso, o Gol ficou no quarto lugar do ranking nacional. Os modelos Fiat mais vendidos, Mobi e Argo, ficaram em nono e d\u00e9cimo lugares, respectivamente.<\/p>\n<p>________________________________________________________________________<\/p>\n<p><strong>Amarok V6<\/strong><\/p>\n<p>O lote de 450 unidades da picape Amarok V6 TDI (turbodiesel), lan\u00e7ada em programa de pr\u00e9-venda, se esgotou em pouco mais de um dia, de acordo com informa\u00e7\u00f5es da Volkswagen. A nova op\u00e7\u00e3o de motor para o modelo feito na Argentina foi lan\u00e7ada na vers\u00e3o Highline, de topo da linha, com tabela de R$ 187.710. Todas as 450 unidades s\u00e3o brancas, t\u00eam cabine dupla, far\u00f3is bixen\u00f4nio, luzes de LED de uso diurno e c\u00e2mera na traseira, entre os equipamentos de s\u00e9rie.<\/p>\n<p>_________________________________________________________________________<\/p>\n<p><strong>Recall<\/strong><\/p>\n<p>Quase todas as unidades do Argo foram convocadas \u00e0s oficinas por causa de risco de defeito no chicote el\u00e9trico do volante. O recall envolve 21.778 dos 22.336 exemplares emplacados at\u00e9 o fim de novembro. A Fiat informa que detectou a possibilidade de rompimento do componente, o que pode causar desativa\u00e7\u00e3o e at\u00e9 acionamento involunt\u00e1rio do airbag do motorista. Os propriet\u00e1rios podem obter outras informa\u00e7\u00f5es por meio do 0800-707-1000 ou no site da marca.<\/p>\n","protected":false},"excerpt":{"rendered":"<p>Ranking Foto Divulga\u00e7\u00e3o Pela primeira vez neste ano, a Volkswagen ficou \u00e0 frente da Fiat no ranking de vendas. A<\/p>\n","protected":false},"author":3,"featured_media":0,"comment_status":"open","ping_status":"open","sticky":false,"template":"","format":"standard","meta":[],"categories":[7],"tags":[3155],"_links":{"self":[{"href":"https:\/\/jornalnovametropole.com.br\/wp\/wp-json\/wp\/v2\/posts\/16988"}],"collection":[{"href":"https:\/\/jornalnovametropole.com.br\/wp\/wp-json\/wp\/v2\/posts"}],"about":[{"href":"https:\/\/jornalnovametropole.com.br\/wp\/wp-json\/wp\/v2\/types\/post"}],"author":[{"embeddable":true,"href":"https:\/\/jornalnovametropole.com.br\/wp\/wp-json\/wp\/v2\/users\/3"}],"replies":[{"embeddable":true,"href":"https:\/\/jornalnovametropole.com.br\/wp\/wp-json\/wp\/v2\/comments?post=16988"}],"version-history":[{"count":1,"href":"https:\/\/jornalnovametropole.com.br\/wp\/wp-json\/wp\/v2\/posts\/16988\/revisions"}],"predecessor-version":[{"id":16990,"href":"https:\/\/jornalnovametropole.com.br\/wp\/wp-json\/wp\/v2\/posts\/16988\/revisions\/16990"}],"wp:attachment":[{"href":"https:\/\/jornalnovametropole.com.br\/wp\/wp-json\/wp\/v2\/media?parent=16988"}],"wp:term":[{"taxonomy":"category","embeddable":true,"href":"https:\/\/jornalnovametropole.com.br\/wp\/wp-json\/wp\/v2\/categories?post=16988"},{"taxonomy":"post_tag","embeddable":true,"href":"https:\/\/jornalnovametropole.com.br\/wp\/wp-json\/wp\/v2\/tags?post=16988"}],"curies":[{"name":"wp","href":"https:\/\/api.w.org\/{rel}","templated":true}]}}