{"id":16444,"date":"2017-11-20T09:56:11","date_gmt":"2017-11-20T09:56:11","guid":{"rendered":"http:\/\/jornalnovametropole.com.br\/wp\/?p=16444"},"modified":"2017-12-11T13:00:51","modified_gmt":"2017-12-11T13:00:51","slug":"papo-de-salao-mechas-que-iluminam","status":"publish","type":"post","link":"https:\/\/jornalnovametropole.com.br\/wp\/papo-de-salao-mechas-que-iluminam\/","title":{"rendered":"Papo de Sal\u00e3o: Mechas que iluminam"},"content":{"rendered":"<p><a href=\"http:\/\/jornalnovametropole.com.br\/wp\/wp-content\/uploads\/2017\/11\/20-foto-papo-de-sal\u00e3o.jpg\"><img loading=\"lazy\" class=\"alignnone wp-image-16445 size-large\" src=\"http:\/\/jornalnovametropole.com.br\/wp\/wp-content\/uploads\/2017\/11\/20-foto-papo-de-sal\u00e3o-854x1024.jpg\" alt=\"\" width=\"485\" height=\"582\" srcset=\"https:\/\/jornalnovametropole.com.br\/wp\/wp-content\/uploads\/2017\/11\/20-foto-papo-de-sal\u00e3o-854x1024.jpg 854w, https:\/\/jornalnovametropole.com.br\/wp\/wp-content\/uploads\/2017\/11\/20-foto-papo-de-sal\u00e3o-250x300.jpg 250w, https:\/\/jornalnovametropole.com.br\/wp\/wp-content\/uploads\/2017\/11\/20-foto-papo-de-sal\u00e3o-768x921.jpg 768w, https:\/\/jornalnovametropole.com.br\/wp\/wp-content\/uploads\/2017\/11\/20-foto-papo-de-sal\u00e3o.jpg 1790w\" sizes=\"(max-width: 485px) 100vw, 485px\" \/><\/a><\/p>\n<h3>A modelo Leila adotou o\u00a0burgundy, como a atriz Vanessa<\/h3>\n<h6><em>texto: infoglobo | fotos: divulga\u00e7\u00e3o\/ Suellen Valeria<\/em><\/h6>\n<p>As famosas s\u00e3o verdadeiras camaleoas. Est\u00e3o sempre inovando no visual. E volta e meia uma celebridade aparece com o cabelo em tons vermelho e ameixa &#8211; todo ou parte dele. \u00c9 o chamado \u2018burgundy\u2019, adotado recentemente pela atriz americana Vanessa Hudgens. A hair stylist Viviane Fran\u00e7a, do Sal\u00e3o Marcio Mello Espa\u00e7o Rio, em Copacabana, reproduziu essa tend\u00eancia na modelo Leila Carioca, que adorou: \u201cestou me sentindo iluminada\u201d &#8211; comemorou.<br \/>\nViviane Fran\u00e7a disse que essa \u00e9 uma cor f\u00e1cil de se manter.<br \/>\n\u201cEla permite que se leve um pouco mais de tempo para ser retocada\u201d &#8211; afirmou.<\/p>\n<p><a href=\"http:\/\/jornalnovametropole.com.br\/wp\/wp-content\/uploads\/2017\/11\/20-papo-de-sal\u00e3o.jpg\"><img loading=\"lazy\" class=\"alignnone wp-image-16446 \" src=\"http:\/\/jornalnovametropole.com.br\/wp\/wp-content\/uploads\/2017\/11\/20-papo-de-sal\u00e3o.jpg\" alt=\"\" width=\"1057\" height=\"417\" \/><\/a><\/p>\n","protected":false},"excerpt":{"rendered":"<p>A modelo Leila adotou o\u00a0burgundy, como a atriz Vanessa texto: infoglobo | fotos: divulga\u00e7\u00e3o\/ Suellen Valeria As famosas s\u00e3o verdadeiras<\/p>\n","protected":false},"author":3,"featured_media":16445,"comment_status":"open","ping_status":"open","sticky":false,"template":"","format":"standard","meta":[],"categories":[3164,231,5],"tags":[3081,1659],"_links":{"self":[{"href":"https:\/\/jornalnovametropole.com.br\/wp\/wp-json\/wp\/v2\/posts\/16444"}],"collection":[{"href":"https:\/\/jornalnovametropole.com.br\/wp\/wp-json\/wp\/v2\/posts"}],"about":[{"href":"https:\/\/jornalnovametropole.com.br\/wp\/wp-json\/wp\/v2\/types\/post"}],"author":[{"embeddable":true,"href":"https:\/\/jornalnovametropole.com.br\/wp\/wp-json\/wp\/v2\/users\/3"}],"replies":[{"embeddable":true,"href":"https:\/\/jornalnovametropole.com.br\/wp\/wp-json\/wp\/v2\/comments?post=16444"}],"version-history":[{"count":1,"href":"https:\/\/jornalnovametropole.com.br\/wp\/wp-json\/wp\/v2\/posts\/16444\/revisions"}],"predecessor-version":[{"id":16447,"href":"https:\/\/jornalnovametropole.com.br\/wp\/wp-json\/wp\/v2\/posts\/16444\/revisions\/16447"}],"wp:featuredmedia":[{"embeddable":true,"href":"https:\/\/jornalnovametropole.com.br\/wp\/wp-json\/wp\/v2\/media\/16445"}],"wp:attachment":[{"href":"https:\/\/jornalnovametropole.com.br\/wp\/wp-json\/wp\/v2\/media?parent=16444"}],"wp:term":[{"taxonomy":"category","embeddable":true,"href":"https:\/\/jornalnovametropole.com.br\/wp\/wp-json\/wp\/v2\/categories?post=16444"},{"taxonomy":"post_tag","embeddable":true,"href":"https:\/\/jornalnovametropole.com.br\/wp\/wp-json\/wp\/v2\/tags?post=16444"}],"curies":[{"name":"wp","href":"https:\/\/api.w.org\/{rel}","templated":true}]}}