{"id":16311,"date":"2017-11-11T06:37:14","date_gmt":"2017-11-11T06:37:14","guid":{"rendered":"http:\/\/jornalnovametropole.com.br\/wp\/?p=16311"},"modified":"2017-11-10T18:38:41","modified_gmt":"2017-11-10T18:38:41","slug":"passeio-pedagogico-promove-descobertas-a-alunos-do-colegio-montreal","status":"publish","type":"post","link":"https:\/\/jornalnovametropole.com.br\/wp\/passeio-pedagogico-promove-descobertas-a-alunos-do-colegio-montreal\/","title":{"rendered":"Passeio pedag\u00f3gico promove descobertas \u00e0 alunos do Col\u00e9gio Montreal"},"content":{"rendered":"<p>O passeio pedag\u00f3gico \u00e9 uma ferramenta educacional bastante utilizada para aprofundamento dos conte\u00fados trabalhados em aula, atrav\u00e9s da experimenta\u00e7\u00e3o, proporciona aos alunos o aprendizado de diversas habilidades.<br \/>\nFoi o que aconteceu com os alunos do Jardim I e II e do Pr\u00e9 do Col\u00e9gio Montreal na semana passada. Eles estiveram no Bosque dos Jequitib\u00e1s, em Campinas, com o objetivo de aprender a respeitar e valorizar a natureza e, assim, desenvolver a consci\u00eancia da preserva\u00e7\u00e3o do meio ambiente. \u201cO nosso passeio teve o objetivo de promover de forma prazerosa o contato com a natureza, pois acreditamos que quando o aluno entra em contato direto com o meio ambiente come\u00e7a a perceber o mundo \u00e0 sua volta de diferentes formas, aprendendo a respeitar, preservar e valorizar a nossa fauna e flora\u201d, explica a professora do Jardim I, Marcela Lima.<\/p>\n<figure id=\"attachment_16298\" aria-describedby=\"caption-attachment-16298\" style=\"width: 1969px\" class=\"wp-caption alignnone\"><a href=\"http:\/\/jornalnovametropole.com.br\/wp\/wp-content\/uploads\/2017\/11\/07-Alunos-do-Colegio-Montreal-durante-passeio-pedagogico-no-Bosque-dos-Jequitibas.jpg\"><img loading=\"lazy\" class=\"wp-image-16298 size-full\" src=\"http:\/\/jornalnovametropole.com.br\/wp\/wp-content\/uploads\/2017\/11\/07-Alunos-do-Colegio-Montreal-durante-passeio-pedagogico-no-Bosque-dos-Jequitibas.jpg\" alt=\"\" width=\"1969\" height=\"1477\" srcset=\"https:\/\/jornalnovametropole.com.br\/wp\/wp-content\/uploads\/2017\/11\/07-Alunos-do-Colegio-Montreal-durante-passeio-pedagogico-no-Bosque-dos-Jequitibas.jpg 1969w, https:\/\/jornalnovametropole.com.br\/wp\/wp-content\/uploads\/2017\/11\/07-Alunos-do-Colegio-Montreal-durante-passeio-pedagogico-no-Bosque-dos-Jequitibas-300x225.jpg 300w, https:\/\/jornalnovametropole.com.br\/wp\/wp-content\/uploads\/2017\/11\/07-Alunos-do-Colegio-Montreal-durante-passeio-pedagogico-no-Bosque-dos-Jequitibas-768x576.jpg 768w, https:\/\/jornalnovametropole.com.br\/wp\/wp-content\/uploads\/2017\/11\/07-Alunos-do-Colegio-Montreal-durante-passeio-pedagogico-no-Bosque-dos-Jequitibas-1024x768.jpg 1024w\" sizes=\"(max-width: 1969px) 100vw, 1969px\" \/><\/a><figcaption id=\"caption-attachment-16298\" class=\"wp-caption-text\">Alunos durante passeio pedag\u00f3gico no Bosque dos Jequitib\u00e1s<\/figcaption><\/figure>\n","protected":false},"excerpt":{"rendered":"<p>O passeio pedag\u00f3gico \u00e9 uma ferramenta educacional bastante utilizada para aprofundamento dos conte\u00fados trabalhados em aula, atrav\u00e9s da experimenta\u00e7\u00e3o, proporciona<\/p>\n","protected":false},"author":3,"featured_media":16298,"comment_status":"open","ping_status":"open","sticky":false,"template":"","format":"standard","meta":[],"categories":[1],"tags":[107,3047],"_links":{"self":[{"href":"https:\/\/jornalnovametropole.com.br\/wp\/wp-json\/wp\/v2\/posts\/16311"}],"collection":[{"href":"https:\/\/jornalnovametropole.com.br\/wp\/wp-json\/wp\/v2\/posts"}],"about":[{"href":"https:\/\/jornalnovametropole.com.br\/wp\/wp-json\/wp\/v2\/types\/post"}],"author":[{"embeddable":true,"href":"https:\/\/jornalnovametropole.com.br\/wp\/wp-json\/wp\/v2\/users\/3"}],"replies":[{"embeddable":true,"href":"https:\/\/jornalnovametropole.com.br\/wp\/wp-json\/wp\/v2\/comments?post=16311"}],"version-history":[{"count":1,"href":"https:\/\/jornalnovametropole.com.br\/wp\/wp-json\/wp\/v2\/posts\/16311\/revisions"}],"predecessor-version":[{"id":16312,"href":"https:\/\/jornalnovametropole.com.br\/wp\/wp-json\/wp\/v2\/posts\/16311\/revisions\/16312"}],"wp:featuredmedia":[{"embeddable":true,"href":"https:\/\/jornalnovametropole.com.br\/wp\/wp-json\/wp\/v2\/media\/16298"}],"wp:attachment":[{"href":"https:\/\/jornalnovametropole.com.br\/wp\/wp-json\/wp\/v2\/media?parent=16311"}],"wp:term":[{"taxonomy":"category","embeddable":true,"href":"https:\/\/jornalnovametropole.com.br\/wp\/wp-json\/wp\/v2\/categories?post=16311"},{"taxonomy":"post_tag","embeddable":true,"href":"https:\/\/jornalnovametropole.com.br\/wp\/wp-json\/wp\/v2\/tags?post=16311"}],"curies":[{"name":"wp","href":"https:\/\/api.w.org\/{rel}","templated":true}]}}