{"id":16288,"date":"2017-11-11T07:15:28","date_gmt":"2017-11-11T07:15:28","guid":{"rendered":"http:\/\/jornalnovametropole.com.br\/wp\/?p=16288"},"modified":"2017-11-10T18:20:07","modified_gmt":"2017-11-10T18:20:07","slug":"46-da-gravidez-no-brasil-nao-sao-planejadas-diz-estudo","status":"publish","type":"post","link":"https:\/\/jornalnovametropole.com.br\/wp\/46-da-gravidez-no-brasil-nao-sao-planejadas-diz-estudo\/","title":{"rendered":"46 % da gravidez no Brasil n\u00e3o s\u00e3o planejadas, diz estudo"},"content":{"rendered":"<p><strong>Gesta\u00e7\u00f5es precoces est\u00e3o relacionadas \u00e0 desigualdade social<\/strong><\/p>\n<p>U m em cada cinco beb\u00eas que nascem no Brasil tem m\u00e3e adolescente. Aproximadamente 70% dessas jovens s\u00e3o negras, e tr\u00eas em cada cinco n\u00e3o trabalham, nem estudam. O problema da gravidez n\u00e3o planejada, no pa\u00eds e no mundo, \u00e9 considerado uma \u2018trag\u00e9dia\u2019 pelo Fundo de Popula\u00e7\u00f5es das Na\u00e7\u00f5es Unidas (UNFPA), por gerar um ciclo de pobreza nem sempre f\u00e1cil de ser quebrado. S\u00f3 no Brasil, 46% de todos os nascimentos ocorridos nos \u00faltimos cinco anos n\u00e3o foram programados.<br \/>\nA entidade ligada \u00e0 ONU divulgou em Londres, o relat\u00f3rio \u2018Mundos Separados: Sa\u00fade e Direitos Reprodutivos em Tempos de Desigualdade\u2019, que compila dados de quase 200 pa\u00edses. No documento, especialistas analisam como a desigualdade social \u00e9 causa e tamb\u00e9m resultado de desigualdades de g\u00eanero, o que \u00e9 percebido de acordo com o n\u00edvel de acesso de mulheres a planejamento familiar, m\u00e9todos de contracep\u00e7\u00e3o, educa\u00e7\u00e3o, postos de trabalho e leis contra a viol\u00eancia dom\u00e9stica.<br \/>\nCom tr\u00eas filhas, nenhuma delas planejada, a carioca Vanessa do Nascimento, de 30 anos, sente na pele essa realidade. A primeira gravidez, aos 17, fez a jovem parar os estudos por algum tempo. Ela retomou o Ensino M\u00e9dio mais tarde e chegou a entrar em uma faculdade de enfermagem, mas n\u00e3o a concluiu. J\u00e1 trabalhou como recepcionista, caixa de mercado e gar\u00e7onete, mas est\u00e1 h\u00e1 um ano desempregada.<br \/>\n\u2018Minha m\u00e3e morreu quando eu tinha 15 anos, e acho que isso comprometeu minha educa\u00e7\u00e3o sexual, porque eu e meu pai n\u00e3o convers\u00e1vamos sobre isso. Tenho contraindica\u00e7\u00e3o \u00e0 maioria das p\u00edlulas anticoncepcionais, pois tenho n\u00f3dulos no seio. Fui a um Posto me informar sobre coloca\u00e7\u00e3o de DIU, mas n\u00e3o me receberam bem, n\u00e3o responderam minhas d\u00favidas. Fui deixando para l\u00e1, e cheguei ao terceiro beb\u00ea\u201d &#8211; disse Vanessa, que tem filhas com idades de 12, 8 e 1 ano.<\/p>\n<p><strong>Sobre o estudo<\/strong><\/p>\n<p><strong>Viol\u00eancia:<\/strong> S\u00e3o Paulo e a capital da \u00cdndia, Nova D\u00e9li, foram apontadas como as cidades em que as mulheres mais sofrem risco de enfrentar viol\u00eancia sexual e ass\u00e9dio, de acordo com uma pesquisa divulgada pela Funda\u00e7\u00e3o Thomson Reuters.<br \/>\n<strong>Professores:<\/strong> O estudo, feito em julho, \u00e9 baseado em percep\u00e7\u00f5es de 380 professores, formadores de opini\u00f5es e ONGs sobre quest\u00f5es relacionadas a ass\u00e9dio e viol\u00eancia sexual em 19 megacidades, com mais de 10 milh\u00f5es de habitantes. Tamb\u00e9m foram avaliados o acesso aos cuidados de sa\u00fade e \u00e0s oportunidades econ\u00f4micas, al\u00e9m de pr\u00e1ticas culturais nocivas.<br \/>\n<strong>S\u00e3o Paulo:<\/strong> S\u00e3o Paulo foi vista como a 11\u00aa pior para as mulheres, no geral, e a 6\u00aa mais criticada no acesso \u00e0 Sa\u00fade. Sobre oportunidades Econ\u00f4micas e de Educa\u00e7\u00e3o, est\u00e1 entre os dez piores servi\u00e7os. J\u00e1 sobre pr\u00e1ticas culturais nocivas, como mutila\u00e7\u00f5es genitais femininas, a megacidade foi indicada como a terceira melhor, atr\u00e1s de Buenos Aires e Moscou.<br \/>\n<strong>Mais perigosa:<\/strong> A capital do Egito, Cairo, foi classificada como a mais perigosa para as mulheres no ranking geral.<\/p>\n<p><strong>Milh\u00f5es sem anticoncepcionais<\/strong><\/p>\n<p>Estima-se que no Brasil a demanda n\u00e3o atendida por anticoncepcionais afete de 3,5 milh\u00f5es a 4,2 milh\u00f5es de mulheres em idade reprodutiva. Segundo o representante do UNFPA no Brasil, Jaime Nadal, o risco de comprometer anos de estudo e acesso ao mercado de trabalho por conta de gesta\u00e7\u00f5es n\u00e3o planejadas provoca um \u201cciclo de pobreza intergeracional\u201d que impacta a economia dos pa\u00edses: \u201cquando pensamos em desigualdade, pensamos em dinheiro e no que as pessoas t\u00eam ou n\u00e3o t\u00eam. Mas o relat\u00f3rio mostra que ela tamb\u00e9m est\u00e1 relacionada com o que as mulheres podem ou n\u00e3o decidir. As manifesta\u00e7\u00f5es de desigualdade s\u00e3o multidimensionais e podem ocorrer de formas mais ou menos sofisticadas\u201d.<\/p>\n<p>Texto: Infoglobo | Foto: Fernando Lemos<\/p>\n","protected":false},"excerpt":{"rendered":"<p>Gesta\u00e7\u00f5es precoces est\u00e3o relacionadas \u00e0 desigualdade social U m em cada cinco beb\u00eas que nascem no Brasil tem m\u00e3e adolescente.<\/p>\n","protected":false},"author":3,"featured_media":16290,"comment_status":"open","ping_status":"open","sticky":false,"template":"","format":"standard","meta":[],"categories":[3000,5],"tags":[3043,3044,3042],"_links":{"self":[{"href":"https:\/\/jornalnovametropole.com.br\/wp\/wp-json\/wp\/v2\/posts\/16288"}],"collection":[{"href":"https:\/\/jornalnovametropole.com.br\/wp\/wp-json\/wp\/v2\/posts"}],"about":[{"href":"https:\/\/jornalnovametropole.com.br\/wp\/wp-json\/wp\/v2\/types\/post"}],"author":[{"embeddable":true,"href":"https:\/\/jornalnovametropole.com.br\/wp\/wp-json\/wp\/v2\/users\/3"}],"replies":[{"embeddable":true,"href":"https:\/\/jornalnovametropole.com.br\/wp\/wp-json\/wp\/v2\/comments?post=16288"}],"version-history":[{"count":1,"href":"https:\/\/jornalnovametropole.com.br\/wp\/wp-json\/wp\/v2\/posts\/16288\/revisions"}],"predecessor-version":[{"id":16292,"href":"https:\/\/jornalnovametropole.com.br\/wp\/wp-json\/wp\/v2\/posts\/16288\/revisions\/16292"}],"wp:featuredmedia":[{"embeddable":true,"href":"https:\/\/jornalnovametropole.com.br\/wp\/wp-json\/wp\/v2\/media\/16290"}],"wp:attachment":[{"href":"https:\/\/jornalnovametropole.com.br\/wp\/wp-json\/wp\/v2\/media?parent=16288"}],"wp:term":[{"taxonomy":"category","embeddable":true,"href":"https:\/\/jornalnovametropole.com.br\/wp\/wp-json\/wp\/v2\/categories?post=16288"},{"taxonomy":"post_tag","embeddable":true,"href":"https:\/\/jornalnovametropole.com.br\/wp\/wp-json\/wp\/v2\/tags?post=16288"}],"curies":[{"name":"wp","href":"https:\/\/api.w.org\/{rel}","templated":true}]}}