{"id":16224,"date":"2017-11-11T06:53:26","date_gmt":"2017-11-11T06:53:26","guid":{"rendered":"http:\/\/jornalnovametropole.com.br\/wp\/?p=16224"},"modified":"2017-11-10T16:56:03","modified_gmt":"2017-11-10T16:56:03","slug":"conheca-os-modelos-de-motos-do-salao-de-toquio","status":"publish","type":"post","link":"https:\/\/jornalnovametropole.com.br\/wp\/conheca-os-modelos-de-motos-do-salao-de-toquio\/","title":{"rendered":"Conhe\u00e7a os modelos de motos do Sal\u00e3o de T\u00f3quio"},"content":{"rendered":"<p>Al\u00e9m de autom\u00f3veis, o sal\u00e3o japon\u00eas, que termina neste domingo, tem tamb\u00e9m exposi\u00e7\u00e3o de caminh\u00f5es e de v\u00e1rios modelos de duas rodas. Confira os destaques<br \/>\nAl\u00e9m de carros, o Sal\u00e3o de T\u00f3quio, que termina no domingo, tem caminh\u00f5es, alguns \u00f4nibus, autope\u00e7as, sistemas de som e motos. Ali\u00e1s, h\u00e1 at\u00e9 lan\u00e7amentos mundiais de modelos de duas rodas na feira, que \u00e9 focada em autom\u00f3veis.<br \/>\nDe longe a Honda tem o maior n\u00famero de motos no Sal\u00e3o. A marca apresenta vers\u00f5es el\u00e9trica e h\u00edbrida do PCX e tr\u00eas estreias mundiais na feira: o Super Cub, nas vers\u00f5es 50 e 110, e a Riding Assist-e, principal destaque do estande.<\/p>\n<p><strong>SUZUKI SV650X<\/strong><br \/>\nO modelo com visual retr\u00f4 \u00e9 baseado na SV650, mas traz motor e quadro atualizados. A motocicleta mostrada no Sal\u00e3o deste ano \u00e9 a vers\u00e3o de produ\u00e7\u00e3o da SV650 Rally Concept, exibida no Tokyo Motorcycle no ano passado. O motor de quatro tempos, refrigerado a \u00e1gua, gera cerca de 75 cv de pot\u00eancia a 8500 rpm e 63 mkgf de torque a 8100 rpm. O freio tem discos duplos na dianteira e simples atr\u00e1s e o ABS \u00e9 item de s\u00e9rie.<\/p>\n<p><strong>HONDA RIDING ASSIST-E<\/strong><br \/>\nO prot\u00f3tipo traz um sistema que permite que a motocicleta fique equilibrada sem a necessidade de haver qualquer suporte externo. Essa tecnologia promove a redu\u00e7\u00e3o do risco de queda em manobras at\u00e9 a parada total. De acordo com informa\u00e7\u00f5es da fabricante, foram utilizadas nesse modelo conceitual tecnologias de controle de equil\u00edbrio como as do rob\u00f4 ASIMO, capaz de caminhar e at\u00e9 correr como um ser humano.<\/p>\n<p><strong>TRI GLIDE ANNIVERSARI V<\/strong><br \/>\nEmbora n\u00e3o seja novidade, uma moto da Harley-Davdison com tr\u00eas rodas n\u00e3o \u00e9 algo f\u00e1cil de se ver, principalmente nas ruas do Brasil. Mas quem pensa que o triciclo \u00e9 exclusivo do mercado japon\u00eas est\u00e1 enganado &#8211; ele \u00e9 vendido at\u00e9 em pa\u00edses da Europa, como Portugal. O modelo \u00e9 baseado na Ultra Limited e mant\u00e9m, al\u00e9m do motor V-Twin de 1.745 cm\u00b3 e 15 mkgf a 3.250 rpm, o sistema de entretenimento, entre outros itens.<\/p>\n<p><strong>YAMAHA MOTORID<\/strong><br \/>\nO modelo conceitual tem dispositivo de Intelig\u00eancia Artificial e pode n\u00e3o s\u00f3 se comunicar, mas tamb\u00e9m interagir com o piloto. A IA \u00e9 a mais recente novidade da ind\u00fastria automobil\u00edstica, e as fabricantes de modelos de duas rodas n\u00e3o querem ficar de fora. O prot\u00f3tipo mostrado no Sal\u00e3o de T\u00f3quio tem motor el\u00e9trico, que fica dentro do cubo da roda traseira, o que garante maior efici\u00eancia tanto nas acelera\u00e7\u00f5es quanto nas frenagens.<\/p>\n<p><strong>HONDA PCX<\/strong><br \/>\nA Honda levou \u00e0 feira japonesa as vers\u00f5es el\u00e9trica e h\u00edbrida do scooter PCX. As duas chegar\u00e3o \u00e0s lojas do Jap\u00e3o no ano que vem e s\u00e3o feitas sobre a mesma base da op\u00e7\u00e3o com motor a gasolina oferecida no Brasil. O PCX Electric tem um sistema de bateria remov\u00edvel que dever\u00e1 virar padr\u00e3o nos modelos el\u00e9tricos da marca O PCX Hybrid, que une um propulsor a g\u00e1s a outro el\u00e9trico, deve ser oferecido tamb\u00e9m aos brasileiros.<\/p>\n<figure id=\"attachment_16226\" aria-describedby=\"caption-attachment-16226\" style=\"width: 1969px\" class=\"wp-caption alignnone\"><a href=\"http:\/\/jornalnovametropole.com.br\/wp\/wp-content\/uploads\/2017\/11\/29-Honda-PCX.jpg\"><img loading=\"lazy\" class=\"wp-image-16226 size-full\" src=\"http:\/\/jornalnovametropole.com.br\/wp\/wp-content\/uploads\/2017\/11\/29-Honda-PCX.jpg\" alt=\"\" width=\"1969\" height=\"1110\" srcset=\"https:\/\/jornalnovametropole.com.br\/wp\/wp-content\/uploads\/2017\/11\/29-Honda-PCX.jpg 1969w, https:\/\/jornalnovametropole.com.br\/wp\/wp-content\/uploads\/2017\/11\/29-Honda-PCX-300x169.jpg 300w, https:\/\/jornalnovametropole.com.br\/wp\/wp-content\/uploads\/2017\/11\/29-Honda-PCX-768x433.jpg 768w, https:\/\/jornalnovametropole.com.br\/wp\/wp-content\/uploads\/2017\/11\/29-Honda-PCX-1024x577.jpg 1024w\" sizes=\"(max-width: 1969px) 100vw, 1969px\" \/><\/a><figcaption id=\"caption-attachment-16226\" class=\"wp-caption-text\">O PCX el\u00e9trico tem como destaque o sistema de baterias destac\u00e1veis<\/figcaption><\/figure>\n<p>Por Ti\u00e3o Oliveira | Foto: Divulga\u00e7\u00e3o<\/p>\n","protected":false},"excerpt":{"rendered":"<p>Al\u00e9m de autom\u00f3veis, o sal\u00e3o japon\u00eas, que termina neste domingo, tem tamb\u00e9m exposi\u00e7\u00e3o de caminh\u00f5es e de v\u00e1rios modelos de<\/p>\n","protected":false},"author":3,"featured_media":16226,"comment_status":"open","ping_status":"open","sticky":false,"template":"","format":"standard","meta":[],"categories":[7],"tags":[3019,3020],"_links":{"self":[{"href":"https:\/\/jornalnovametropole.com.br\/wp\/wp-json\/wp\/v2\/posts\/16224"}],"collection":[{"href":"https:\/\/jornalnovametropole.com.br\/wp\/wp-json\/wp\/v2\/posts"}],"about":[{"href":"https:\/\/jornalnovametropole.com.br\/wp\/wp-json\/wp\/v2\/types\/post"}],"author":[{"embeddable":true,"href":"https:\/\/jornalnovametropole.com.br\/wp\/wp-json\/wp\/v2\/users\/3"}],"replies":[{"embeddable":true,"href":"https:\/\/jornalnovametropole.com.br\/wp\/wp-json\/wp\/v2\/comments?post=16224"}],"version-history":[{"count":1,"href":"https:\/\/jornalnovametropole.com.br\/wp\/wp-json\/wp\/v2\/posts\/16224\/revisions"}],"predecessor-version":[{"id":16227,"href":"https:\/\/jornalnovametropole.com.br\/wp\/wp-json\/wp\/v2\/posts\/16224\/revisions\/16227"}],"wp:featuredmedia":[{"embeddable":true,"href":"https:\/\/jornalnovametropole.com.br\/wp\/wp-json\/wp\/v2\/media\/16226"}],"wp:attachment":[{"href":"https:\/\/jornalnovametropole.com.br\/wp\/wp-json\/wp\/v2\/media?parent=16224"}],"wp:term":[{"taxonomy":"category","embeddable":true,"href":"https:\/\/jornalnovametropole.com.br\/wp\/wp-json\/wp\/v2\/categories?post=16224"},{"taxonomy":"post_tag","embeddable":true,"href":"https:\/\/jornalnovametropole.com.br\/wp\/wp-json\/wp\/v2\/tags?post=16224"}],"curies":[{"name":"wp","href":"https:\/\/api.w.org\/{rel}","templated":true}]}}