{"id":16107,"date":"2017-11-04T06:41:46","date_gmt":"2017-11-04T06:41:46","guid":{"rendered":"http:\/\/jornalnovametropole.com.br\/wp\/?p=16107"},"modified":"2017-11-02T18:45:23","modified_gmt":"2017-11-02T18:45:23","slug":"infeccoes-na-boca-podem-causar-serios-problemas","status":"publish","type":"post","link":"https:\/\/jornalnovametropole.com.br\/wp\/infeccoes-na-boca-podem-causar-serios-problemas\/","title":{"rendered":"Infec\u00e7\u00f5es na boca podem causar s\u00e9rios problemas"},"content":{"rendered":"<h6>Texto: Evelin Azevedo\/infoglobo<\/h6>\n<p>A boca \u00e9 porta de entrada n\u00e3o s\u00f3 de alimentos e bebidas, mas tamb\u00e9m de s\u00e9rias doen\u00e7as. Pequenas feridas ou sangramentos podem se transformar em graves problemas se n\u00e3o tradados. Manter uma boa sa\u00fade bucal \u00e9 fundamental para ter o restante do corpo em bom funcionamento.<br \/>\nInfec\u00e7\u00f5es dent\u00e1rias, por exemplo, podem se tornar muito perigosas se n\u00e3o tratadas, como explica a cirurgi\u00e3-dentista Katyuscia Lurentt: \u201ctodas as infec\u00e7\u00f5es na boca que entrarem na corrente sangu\u00ednea podem se agravar. Um exemplo \u00e9 uma simples c\u00e1rie, que se a pessoa n\u00e3o tratar, ela pode entrar em contato com o canal do dente. Se for na denti\u00e7\u00e3o inferior, essa infec\u00e7\u00e3o pode descer para a regi\u00e3o cervical e at\u00e9 para o t\u00f3rax. Se estiver nos dentes de cima, podem ir para a regi\u00e3o do c\u00e9rebro. Se n\u00e3o tratados, os pacientes podem morrer por infec\u00e7\u00e3o generalizada\u201d &#8211; alerta.<br \/>\nIr frequentemente ao dentista e prestar aten\u00e7\u00e3o ao momento da escova\u00e7\u00e3o s\u00e3o maneiras de n\u00e3o deixar que uma infec\u00e7\u00e3o se torne um grande problema. Sintomas como mau h\u00e1lito e mudan\u00e7a de colora\u00e7\u00e3o da gengiva s\u00e3o alguns dos sinais de que h\u00e1 algo de errado. \u00c9 preciso ficar atento tamb\u00e9m ao fato de que esse tipo de doen\u00e7a pode ser transmitida pelo beijo.<br \/>\nOutra doen\u00e7a que est\u00e1 presente na boca \u00e9 o c\u00e2ncer. Seu principal sintoma s\u00e3o les\u00f5es que demoram mais de 15 dias para cicatrizar.<\/p>\n<p><a href=\"http:\/\/jornalnovametropole.com.br\/wp\/wp-content\/uploads\/2017\/11\/11-Boca.jpg\"><img loading=\"lazy\" class=\"alignnone wp-image-16068 \" src=\"http:\/\/jornalnovametropole.com.br\/wp\/wp-content\/uploads\/2017\/11\/11-Boca.jpg\" alt=\"\" width=\"576\" height=\"612\" \/><\/a><\/p>\n<p><em><strong>PROBLEMAS<\/strong><\/em><\/p>\n<p><em>C\u00e1rie<\/em>: \u00c9 provocada por bact\u00e9rias existentes na boca. Elas se alimentam dos restos de comida e formam placas que perfuram o dente.<br \/>\n<em>Gengivite<\/em>: A inflama\u00e7\u00e3o na gengiva \u00e9 causada pela a\u00e7\u00e3o de bact\u00e9rias, que irritam a gengiva deixando-a vermelha, inchada e sens\u00edvel, podendo provocar sangramento. Se n\u00e3o tratada, pode evoluir para uma periodontite, um tipo de inflama\u00e7\u00e3o mais grave.<br \/>\n<em>Afta:<\/em> \u00c9 uma pequena les\u00e3o que pode surgir em qualquer parte da boca, causando dor. Pode ser uma resposta autoimune do corpo.<br \/>\n<em>Herpes:<\/em> \u00c9 uma infec\u00e7\u00e3o viral que apresenta pequenas bolhas ao redor dos l\u00e1bios, podendo ser transmitida pelo contato com a saliva infectada.<br \/>\n<em>Halitose:<\/em> \u00c9 popularmente conhecida como mau h\u00e1lito, \u00e9 o ind\u00edcio de que h\u00e1 algo errado. Na maioria dos casos, indica que h\u00e1 alguma doen\u00e7a bucal.<\/p>\n","protected":false},"excerpt":{"rendered":"<p>Texto: Evelin Azevedo\/infoglobo A boca \u00e9 porta de entrada n\u00e3o s\u00f3 de alimentos e bebidas, mas tamb\u00e9m de s\u00e9rias doen\u00e7as.<\/p>\n","protected":false},"author":3,"featured_media":16068,"comment_status":"open","ping_status":"open","sticky":false,"template":"","format":"standard","meta":[],"categories":[2882,5],"tags":[2989,206],"_links":{"self":[{"href":"https:\/\/jornalnovametropole.com.br\/wp\/wp-json\/wp\/v2\/posts\/16107"}],"collection":[{"href":"https:\/\/jornalnovametropole.com.br\/wp\/wp-json\/wp\/v2\/posts"}],"about":[{"href":"https:\/\/jornalnovametropole.com.br\/wp\/wp-json\/wp\/v2\/types\/post"}],"author":[{"embeddable":true,"href":"https:\/\/jornalnovametropole.com.br\/wp\/wp-json\/wp\/v2\/users\/3"}],"replies":[{"embeddable":true,"href":"https:\/\/jornalnovametropole.com.br\/wp\/wp-json\/wp\/v2\/comments?post=16107"}],"version-history":[{"count":1,"href":"https:\/\/jornalnovametropole.com.br\/wp\/wp-json\/wp\/v2\/posts\/16107\/revisions"}],"predecessor-version":[{"id":16110,"href":"https:\/\/jornalnovametropole.com.br\/wp\/wp-json\/wp\/v2\/posts\/16107\/revisions\/16110"}],"wp:featuredmedia":[{"embeddable":true,"href":"https:\/\/jornalnovametropole.com.br\/wp\/wp-json\/wp\/v2\/media\/16068"}],"wp:attachment":[{"href":"https:\/\/jornalnovametropole.com.br\/wp\/wp-json\/wp\/v2\/media?parent=16107"}],"wp:term":[{"taxonomy":"category","embeddable":true,"href":"https:\/\/jornalnovametropole.com.br\/wp\/wp-json\/wp\/v2\/categories?post=16107"},{"taxonomy":"post_tag","embeddable":true,"href":"https:\/\/jornalnovametropole.com.br\/wp\/wp-json\/wp\/v2\/tags?post=16107"}],"curies":[{"name":"wp","href":"https:\/\/api.w.org\/{rel}","templated":true}]}}