{"id":15673,"date":"2017-10-09T11:00:04","date_gmt":"2017-10-09T11:00:04","guid":{"rendered":"http:\/\/jornalnovametropole.com.br\/wp\/?p=15673"},"modified":"2017-10-12T14:20:10","modified_gmt":"2017-10-12T14:20:10","slug":"tratamento-pode-diminuir-cegueira-infantil","status":"publish","type":"post","link":"https:\/\/jornalnovametropole.com.br\/wp\/tratamento-pode-diminuir-cegueira-infantil\/","title":{"rendered":"Tratamento pode diminuir cegueira infantil"},"content":{"rendered":"<figure id=\"attachment_15646\" aria-describedby=\"caption-attachment-15646\" style=\"width: 300px\" class=\"wp-caption alignnone\"><a href=\"http:\/\/jornalnovametropole.com.br\/wp\/wp-content\/uploads\/2017\/10\/11-Cegueira.jpg\"><img loading=\"lazy\" class=\"size-medium wp-image-15646\" src=\"http:\/\/jornalnovametropole.com.br\/wp\/wp-content\/uploads\/2017\/10\/11-Cegueira-300x200.jpg\" alt=\"Baixo rendimento escolar pode ser causado por problemas na vista n\u00e3o identificados\" width=\"300\" height=\"200\" srcset=\"https:\/\/jornalnovametropole.com.br\/wp\/wp-content\/uploads\/2017\/10\/11-Cegueira-300x200.jpg 300w, https:\/\/jornalnovametropole.com.br\/wp\/wp-content\/uploads\/2017\/10\/11-Cegueira.jpg 900w\" sizes=\"(max-width: 300px) 100vw, 300px\" \/><\/a><figcaption id=\"caption-attachment-15646\" class=\"wp-caption-text\">Baixo rendimento escolar pode ser causado por problemas na vista n\u00e3o identificados<\/figcaption><\/figure>\n<p>A \u00faltima pesquisa sobre defici\u00eancia visual do IBGE (Instituto Brasileiro de Geografia e Estat\u00edstica) mostra que no pa\u00eds at\u00e9 a idade de 14 anos 66,4 mil crian\u00e7as s\u00e3o cegas e 297 mil t\u00eam grande dificuldade de enxergar.<br \/>\nDe acordo com o oftalmologista Le\u00f4ncio Queiroz Neto, presidente do Instituto Penido Burnier em Campinas, os problemas de vis\u00e3o s\u00e3o a maior causa de baixo rendimento escolar. Prova disso, \u00e9 o resultado de uma pesquisa realizada com 36 mil crian\u00e7as que receberam consultas e \u00f3culos no hospital. Ap\u00f3s um ano usando a corre\u00e7\u00e3o visual 51% melhoraram o rendimento escolar e 57% o comportamento e a concentra\u00e7\u00e3o.<\/p>\n<p><strong>Olho Pregui\u00e7oso<\/strong><br \/>\nO problema \u00e9 que a dificuldade para enxergar n\u00e3o d\u00f3i, nem altera a apar\u00eancia dos olhos e a crian\u00e7a n\u00e3o sabe relatar quando tem alguma altera\u00e7\u00e3o na vis\u00e3o, por isso muitas vezes passa despercebida pelos pais e professores. Isso explica porque oito em cada dez pr\u00e9-escolares nunca foram ao oftalmologista. O m\u00e9dico afirma que a falta de acompanhamento oftalmol\u00f3gico faz a ambliopia ou olho pregui\u00e7oso ser a maior causa de cegueira monocular na inf\u00e2ncia. Isso porque, explica, o desenvolvimento da vis\u00e3o acontece at\u00e9 os 8 anos de idade. \u201cQualquer bloqueio neste per\u00edodo faz a crian\u00e7a usar mais o olho de melhor vis\u00e3o, comprometendo o desenvolvimento do mais fraco\u201d, afirma. O resultado \u00e9 a ambliopia. A terapia para sanar o problema consiste em ocluir o olho de melhor vis\u00e3o para estimular o desenvolvimento do outro. Caso o tratamento n\u00e3o seja feito antes da idade de 8 anos a defici\u00eancia no olho de menor vis\u00e3o torna-se permanente.<\/p>\n<p><strong>Sinais<\/strong><br \/>\nO especialista afirma que n\u00e3o \u00e9 s\u00f3 aproximar muito o rosto da TV ou dos livros que sinaliza problema de vis\u00e3o em crian\u00e7as a partir de seis anos.. Uma pesquisa feita pelo m\u00e9dico mostra que 30% das que usam muito o computador t\u00eam dor de cabe\u00e7a. A dor s\u00f3 est\u00e1 relacionada a v\u00edcio de refra\u00e7\u00e3o em 1% das crian\u00e7as. Mas pode tamb\u00e9m sinalizar, destaca, risco de desenvolver miopia acomodativa. Trata-se da dificuldade tempor\u00e1ria de enxergar de longe por causa do esfor\u00e7o concentrado para perto que mant\u00e9m os m\u00fasculos ciliares contra\u00eddos por muito tempo.<br \/>\nAt\u00e9 os 2 anos, o oftalmologista diz que os pa\u00eds devem estar atentos ao lacrimejamento excessivo, olhos vermelhos ou com secre\u00e7\u00e3o, falta de interesse pelas pessoas e ambientes, pupilas muito grandes, opacas ou de cor acinzentada.<br \/>\nDos 3 aos 5 anos os sinais de algo errado com a vis\u00e3o s\u00e3o tombar a cabe\u00e7a para um lado, co\u00e7ar muito os olhos, fechar um dos olhos em ambientes ensolarados, desviar os olhos para dentro ou para fora.<\/p>\n<p><strong>Na gaveta<\/strong><br \/>\nQueiroz Neto conta que durante um mutir\u00e3o realizado este ano com 3,5 mil pessoas que receberam consultas e \u00f3culos gratuitos no hospital foi constatado que 12% usavam \u00f3culos com prescri\u00e7\u00e3o errada feita dentro de \u00f3ticas e outros 18% dos participantes por falta de condi\u00e7\u00f5es financeiras para comprar os \u00f3culos engavetaram as receitas, n\u00famero bem maior que os 10% estimados pelo CBO (Conselho Brasileiro de Oftalmologia. A soma desses \u00edndices revela o crescimento da cegueira funcional no pa\u00eds e uma urg\u00eancia da parceria entre o Poder P\u00fabico e a ind\u00fastria para que seja criado o \u00f3culos social com pre\u00e7os acess\u00edveis \u00e0 maioria da popula\u00e7\u00e3o. \u00c9 bem verdade, ressalta, que a falta de \u00f3culos n\u00e3o piora a vis\u00e3o, mas uma pessoa com v\u00edcio de refra\u00e7\u00e3o moderado que n\u00e3o tenha acesso \u00e0 corre\u00e7\u00e3o visual correta sofre limita\u00e7\u00f5es importantes nas atividades.<\/p>\n<p>&nbsp;<\/p>\n<p>&nbsp;<\/p>\n<p>&nbsp;<\/p>\n<p>&nbsp;<\/p>\n<p>texto: LDC\u00a0comunica\u00e7\u00e3o | foto: divulga\u00e7\u00e3o<\/p>\n","protected":false},"excerpt":{"rendered":"<p>A \u00faltima pesquisa sobre defici\u00eancia visual do IBGE (Instituto Brasileiro de Geografia e Estat\u00edstica) mostra que no pa\u00eds at\u00e9 a<\/p>\n","protected":false},"author":3,"featured_media":15646,"comment_status":"open","ping_status":"open","sticky":false,"template":"","format":"standard","meta":[],"categories":[2882,5],"tags":[2881,2880],"_links":{"self":[{"href":"https:\/\/jornalnovametropole.com.br\/wp\/wp-json\/wp\/v2\/posts\/15673"}],"collection":[{"href":"https:\/\/jornalnovametropole.com.br\/wp\/wp-json\/wp\/v2\/posts"}],"about":[{"href":"https:\/\/jornalnovametropole.com.br\/wp\/wp-json\/wp\/v2\/types\/post"}],"author":[{"embeddable":true,"href":"https:\/\/jornalnovametropole.com.br\/wp\/wp-json\/wp\/v2\/users\/3"}],"replies":[{"embeddable":true,"href":"https:\/\/jornalnovametropole.com.br\/wp\/wp-json\/wp\/v2\/comments?post=15673"}],"version-history":[{"count":1,"href":"https:\/\/jornalnovametropole.com.br\/wp\/wp-json\/wp\/v2\/posts\/15673\/revisions"}],"predecessor-version":[{"id":15674,"href":"https:\/\/jornalnovametropole.com.br\/wp\/wp-json\/wp\/v2\/posts\/15673\/revisions\/15674"}],"wp:featuredmedia":[{"embeddable":true,"href":"https:\/\/jornalnovametropole.com.br\/wp\/wp-json\/wp\/v2\/media\/15646"}],"wp:attachment":[{"href":"https:\/\/jornalnovametropole.com.br\/wp\/wp-json\/wp\/v2\/media?parent=15673"}],"wp:term":[{"taxonomy":"category","embeddable":true,"href":"https:\/\/jornalnovametropole.com.br\/wp\/wp-json\/wp\/v2\/categories?post=15673"},{"taxonomy":"post_tag","embeddable":true,"href":"https:\/\/jornalnovametropole.com.br\/wp\/wp-json\/wp\/v2\/tags?post=15673"}],"curies":[{"name":"wp","href":"https:\/\/api.w.org\/{rel}","templated":true}]}}