{"id":1566,"date":"2015-01-19T12:02:41","date_gmt":"2015-01-19T12:02:41","guid":{"rendered":"http:\/\/jornalnovametropole.com.br\/wp\/?p=1566"},"modified":"2015-01-19T12:02:41","modified_gmt":"2015-01-19T12:02:41","slug":"selma","status":"publish","type":"post","link":"https:\/\/jornalnovametropole.com.br\/wp\/selma\/","title":{"rendered":"Selma"},"content":{"rendered":"<p>Selma, drama que fala sobre a luta por direitos civis dos negros nos Estados Unidos, ganhou o seu primeiro comercial de TV. Confira David Oyelowo na pele do ativista Martin Luther King Jr. A trama gira em torno da marcha hist\u00f3rica entre as cidades de Selma e Montgomery, no Alabama, onde os negros pleitearam o direito de votar como cidad\u00e3o comum. Sem previs\u00e3o de estreia no Brasil, o filme \u00e9 um dos cotados para o Oscar desse ano. A dire\u00e7\u00e3o \u00e9 de Ava Duvernay.<\/p>\n","protected":false},"excerpt":{"rendered":"<p>Selma, drama que fala sobre a luta por direitos civis dos negros nos Estados Unidos, ganhou o seu primeiro comercial<\/p>\n","protected":false},"author":2,"featured_media":1567,"comment_status":"open","ping_status":"open","sticky":false,"template":"","format":"standard","meta":[],"categories":[3,16],"tags":[331],"_links":{"self":[{"href":"https:\/\/jornalnovametropole.com.br\/wp\/wp-json\/wp\/v2\/posts\/1566"}],"collection":[{"href":"https:\/\/jornalnovametropole.com.br\/wp\/wp-json\/wp\/v2\/posts"}],"about":[{"href":"https:\/\/jornalnovametropole.com.br\/wp\/wp-json\/wp\/v2\/types\/post"}],"author":[{"embeddable":true,"href":"https:\/\/jornalnovametropole.com.br\/wp\/wp-json\/wp\/v2\/users\/2"}],"replies":[{"embeddable":true,"href":"https:\/\/jornalnovametropole.com.br\/wp\/wp-json\/wp\/v2\/comments?post=1566"}],"version-history":[{"count":1,"href":"https:\/\/jornalnovametropole.com.br\/wp\/wp-json\/wp\/v2\/posts\/1566\/revisions"}],"predecessor-version":[{"id":1568,"href":"https:\/\/jornalnovametropole.com.br\/wp\/wp-json\/wp\/v2\/posts\/1566\/revisions\/1568"}],"wp:featuredmedia":[{"embeddable":true,"href":"https:\/\/jornalnovametropole.com.br\/wp\/wp-json\/wp\/v2\/media\/1567"}],"wp:attachment":[{"href":"https:\/\/jornalnovametropole.com.br\/wp\/wp-json\/wp\/v2\/media?parent=1566"}],"wp:term":[{"taxonomy":"category","embeddable":true,"href":"https:\/\/jornalnovametropole.com.br\/wp\/wp-json\/wp\/v2\/categories?post=1566"},{"taxonomy":"post_tag","embeddable":true,"href":"https:\/\/jornalnovametropole.com.br\/wp\/wp-json\/wp\/v2\/tags?post=1566"}],"curies":[{"name":"wp","href":"https:\/\/api.w.org\/{rel}","templated":true}]}}