{"id":15555,"date":"2017-09-30T07:15:22","date_gmt":"2017-09-30T07:15:22","guid":{"rendered":"http:\/\/jornalnovametropole.com.br\/wp\/?p=15555"},"modified":"2017-09-29T18:17:15","modified_gmt":"2017-09-29T18:17:15","slug":"prefeitura-inaugura-espaco-no-dia-12-pq-da-crianca","status":"publish","type":"post","link":"https:\/\/jornalnovametropole.com.br\/wp\/prefeitura-inaugura-espaco-no-dia-12-pq-da-crianca\/","title":{"rendered":"Prefeitura inaugura espa\u00e7o no dia 12 &#8211; pq. da crian\u00e7a"},"content":{"rendered":"<h3>Cadastro deve ser feito atrav\u00e9s do site da Prefeitura<\/h3>\n<figure id=\"attachment_15556\" aria-describedby=\"caption-attachment-15556\" style=\"width: 900px\" class=\"wp-caption alignnone\"><a href=\"http:\/\/jornalnovametropole.com.br\/wp\/wp-content\/uploads\/2017\/09\/04-Pq-da-Crian\u00e7a.jpg\"><img loading=\"lazy\" class=\"size-full wp-image-15556\" src=\"http:\/\/jornalnovametropole.com.br\/wp\/wp-content\/uploads\/2017\/09\/04-Pq-da-Crian\u00e7a.jpg\" alt=\"O Parque da Crian\u00e7a est\u00e1 implantado no Parque Ecol\u00f3gico, na altura do Jardim do Vale, em uma \u00e1rea de 22.155 m\u00b2 eliandro figueira\" width=\"900\" height=\"538\" srcset=\"https:\/\/jornalnovametropole.com.br\/wp\/wp-content\/uploads\/2017\/09\/04-Pq-da-Crian\u00e7a.jpg 900w, https:\/\/jornalnovametropole.com.br\/wp\/wp-content\/uploads\/2017\/09\/04-Pq-da-Crian\u00e7a-300x179.jpg 300w\" sizes=\"(max-width: 900px) 100vw, 900px\" \/><\/a><figcaption id=\"caption-attachment-15556\" class=\"wp-caption-text\">O Parque da Crian\u00e7a est\u00e1 implantado no Parque Ecol\u00f3gico, na altura do Jardim do Vale, em uma \u00e1rea de 22.155 m\u00b2<br \/>eliandro figueira<\/figcaption><\/figure>\n<p>Oprefeito Nilson Gaspar (PMDB) anunciou em Coletiva de Imprensa realizada na manh\u00e3 de quarta-feira (27) que vai inaugurar o Parque da Crian\u00e7a no dia 12 de outubro, em comemora\u00e7\u00e3o ao Dia das Crian\u00e7as. A festa de inaugura\u00e7\u00e3o come\u00e7a \u00e0s 16h e contar\u00e1 com personagens infantis, palha\u00e7o, distribui\u00e7\u00e3o de pipoca e algod\u00e3o-doce. No dia 13 de outubro o Parque j\u00e1 estar\u00e1 aberto ao p\u00fablico. O cadastro e o agendamento da visita j\u00e1 podem ser realizados no site da Prefeitura \u2013 www.indaiatuba.sp.gov.br\/parque-da-crian\u00e7a\/ desde quinta-feira (28).<br \/>\nO acesso \u00e0 parte molhada do Parque da Crian\u00e7a ser\u00e1 permitido apenas a crian\u00e7as de at\u00e9 15 anos e 11 meses de idade, acompanhadas dos pais ou de um adulto respons\u00e1vel, devidamente cadastradas e com exame m\u00e9dico.<br \/>\nO hor\u00e1rio de funcionamento ser\u00e1 de quarta a domingo, das 8h \u00e0s 19h, inclusive aos feriados. J\u00e1 o acesso ao Parque Aqu\u00e1tico ser\u00e1 dividido em dois per\u00edodos, de manh\u00e3 das 9h \u00e0s 12h, e \u00e0 tarde das 13h30 \u00e0s 16h30. \u201cDecidimos dividir o agendamento por faixa et\u00e1ria para n\u00e3o misturar crian\u00e7as de 0 a 11 anos com adolescentes de 12 a 15 anos\u201d, explicou o prefeito.<br \/>\nSegundo informa\u00e7\u00f5es de Gaspar, que participou do projeto de concep\u00e7\u00e3o do Parque quando ainda era secret\u00e1rio de Urbanismo, a proposta foi criar um espa\u00e7o diferenciado de lazer para as crian\u00e7as que, certamente, ser\u00e1 refer\u00eancia em toda a regi\u00e3o. \u201c\u00c9 um Parque P\u00fablico Municipal cheio de atrativos para as crian\u00e7as se divertirem nos dias de calor. Tudo foi pensado para oferecer muita divers\u00e3o, mas com toda a seguran\u00e7a necess\u00e1ria\u201d, refor\u00e7ou.<br \/>\nA Administra\u00e7\u00e3o do Parque ficar\u00e1 sob a responsabilidade da Secretaria de Urbanismo e do Meio Ambiente. O secret\u00e1rio Jos\u00e9 Carlos Selone avisou que a capacidade total do espa\u00e7o \u00e9 de aproximadamente 5 mil pessoas, mas na \u00e1rea molhada a capacidade m\u00e1xima em cada per\u00edodo ser\u00e1 de 300 crian\u00e7as, devidamente acompanhadas por um respons\u00e1vel. \u201cLembrando que no Parque Aqu\u00e1tico as atra\u00e7\u00f5es s\u00e3o voltadas \u00e0s crian\u00e7as e os adultos ser\u00e3o apenas acompanhantes\u201d, ressaltou.<br \/>\nPara as pessoas que n\u00e3o t\u00eam computador ou acesso \u00e0 internet em casa, a Prefeitura disponibilizar\u00e1 um computador na Administra\u00e7\u00e3o do Parque exclusivo para cadastramentos dos interessados. \u201cQueremos dar a oportunidade de todos usufru\u00edrem do espa\u00e7o\u201d, refor\u00e7ou Gaspar.<br \/>\nTodo o Sistema de Cadastramento e de Controle de utiliza\u00e7\u00e3o do Parque da Crian\u00e7a foi desenvolvido pelo Departamento de Inform\u00e1tica da Secretaria de Administra\u00e7\u00e3o. O diretor de Inform\u00e1tica, Jos\u00e9 Carlos Melli Filho, esteve presente na Coletiva e explicou como funcionar\u00e1 o Cadastramento e o Agendamento Eletr\u00f4nico.<\/p>\n","protected":false},"excerpt":{"rendered":"<p>Cadastro deve ser feito atrav\u00e9s do site da Prefeitura Oprefeito Nilson Gaspar (PMDB) anunciou em Coletiva de Imprensa realizada na<\/p>\n","protected":false},"author":2,"featured_media":15556,"comment_status":"open","ping_status":"open","sticky":false,"template":"","format":"standard","meta":[],"categories":[3],"tags":[],"_links":{"self":[{"href":"https:\/\/jornalnovametropole.com.br\/wp\/wp-json\/wp\/v2\/posts\/15555"}],"collection":[{"href":"https:\/\/jornalnovametropole.com.br\/wp\/wp-json\/wp\/v2\/posts"}],"about":[{"href":"https:\/\/jornalnovametropole.com.br\/wp\/wp-json\/wp\/v2\/types\/post"}],"author":[{"embeddable":true,"href":"https:\/\/jornalnovametropole.com.br\/wp\/wp-json\/wp\/v2\/users\/2"}],"replies":[{"embeddable":true,"href":"https:\/\/jornalnovametropole.com.br\/wp\/wp-json\/wp\/v2\/comments?post=15555"}],"version-history":[{"count":1,"href":"https:\/\/jornalnovametropole.com.br\/wp\/wp-json\/wp\/v2\/posts\/15555\/revisions"}],"predecessor-version":[{"id":15557,"href":"https:\/\/jornalnovametropole.com.br\/wp\/wp-json\/wp\/v2\/posts\/15555\/revisions\/15557"}],"wp:featuredmedia":[{"embeddable":true,"href":"https:\/\/jornalnovametropole.com.br\/wp\/wp-json\/wp\/v2\/media\/15556"}],"wp:attachment":[{"href":"https:\/\/jornalnovametropole.com.br\/wp\/wp-json\/wp\/v2\/media?parent=15555"}],"wp:term":[{"taxonomy":"category","embeddable":true,"href":"https:\/\/jornalnovametropole.com.br\/wp\/wp-json\/wp\/v2\/categories?post=15555"},{"taxonomy":"post_tag","embeddable":true,"href":"https:\/\/jornalnovametropole.com.br\/wp\/wp-json\/wp\/v2\/tags?post=15555"}],"curies":[{"name":"wp","href":"https:\/\/api.w.org\/{rel}","templated":true}]}}