{"id":15525,"date":"2017-09-30T06:03:29","date_gmt":"2017-09-30T06:03:29","guid":{"rendered":"http:\/\/jornalnovametropole.com.br\/wp\/?p=15525"},"modified":"2017-09-28T19:05:59","modified_gmt":"2017-09-28T19:05:59","slug":"medo-de-falar-em-publico-chega-a-ser-maior-que-o-de-morrer","status":"publish","type":"post","link":"https:\/\/jornalnovametropole.com.br\/wp\/medo-de-falar-em-publico-chega-a-ser-maior-que-o-de-morrer\/","title":{"rendered":"Medo de falar em p\u00fablico chega a ser maior que o de morrer"},"content":{"rendered":"<h3>Segundo estudo, pavor est\u00e1 ligado ao receio de ser julgado<\/h3>\n<p><a href=\"http:\/\/jornalnovametropole.com.br\/wp\/wp-content\/uploads\/2017\/09\/26-Falar-em-p\u00fablico-1.jpg\"><img loading=\"lazy\" class=\"alignnone size-full wp-image-15526\" src=\"http:\/\/jornalnovametropole.com.br\/wp\/wp-content\/uploads\/2017\/09\/26-Falar-em-p\u00fablico-1.jpg\" alt=\"26---Falar-em-p\u00fablico-(1)\" width=\"900\" height=\"600\" srcset=\"https:\/\/jornalnovametropole.com.br\/wp\/wp-content\/uploads\/2017\/09\/26-Falar-em-p\u00fablico-1.jpg 900w, https:\/\/jornalnovametropole.com.br\/wp\/wp-content\/uploads\/2017\/09\/26-Falar-em-p\u00fablico-1-300x200.jpg 300w\" sizes=\"(max-width: 900px) 100vw, 900px\" \/><\/a><\/p>\n<p>Enfrentar uma plateia grande n\u00e3o \u00e9 uma tarefa f\u00e1cil. Para muitas pessoas \u00e9 um desafio aterrorizante. Um estudo publicado pelo jornal brit\u00e2nico \u2018Sunday Times\u2019 revela que o medo de falar em p\u00fablico \u00e9 maior do que o medo de enfrentar problemas financeiros, doen\u00e7as e a morte. A psic\u00f3loga Gl\u00f3ria Portella explica o motivo de as pessoas terem receio de falar em p\u00fablico.<br \/>\n\u201cAs pessoas sentem medo de ser avaliadas. E dependendo do que se fa\u00e7a ou fale, pode haver s\u00e9rias consequ\u00eancias pessoais ou profissionais\u201d &#8211; garante a especialista, que escreveu o livro \u2018A Ci\u00eancia de Falar em P\u00fablico\u2019.<br \/>\nDe olho no futuro e decidido a mudar sua postura diante do desafio de se apresentar para v\u00e1rias pessoas, o representante de laborat\u00f3rio Renato Gheller recorreu \u00e0 ajuda da psic\u00f3loga e psicanalista Gloria Portella para se livrar de vez do inc\u00f4modo que sentia todas as vezes que era convidado para palestrar.<br \/>\n\u201cTinha pavor de falar em p\u00fablico, suava frio, sempre me dava um branco. Por mais que eu me preparasse tecnicamente, tais situa\u00e7\u00f5es nunca me eram favor\u00e1veis, e o melhor do meu conte\u00fado se perdia por causa da minha dificuldade de falar. Acabei de me formar em Direito, passei no exame da OAB e a limita\u00e7\u00e3o certamente me prejudicaria em um futuro imediato.<br \/>\nH\u00e1 dois meses fazendo aula de orat\u00f3ria, Gheller garante j\u00e1 estar colhendo bons frutos: \u201cagora j\u00e1 consigo dominar minhas emo\u00e7\u00f5es e falar o que tinha programado. Com a ajuda correta voc\u00ea consegue acabar com este medo\u201d.<br \/>\nSegundo Gloria, o problema pode ser resultado de um trauma de inf\u00e2ncia: \u201cmuita gente cresce ouvindo que n\u00e3o \u00e9 bom para falar em p\u00fablico. Quando chega a hora em que precisa falar, esta inseguran\u00e7a aparece\u201d.<\/p>\n<p><a href=\"http:\/\/jornalnovametropole.com.br\/wp\/wp-content\/uploads\/2017\/09\/26-Falar-em-p\u00fablico-2.jpg\"><img loading=\"lazy\" class=\"alignnone size-full wp-image-15527\" src=\"http:\/\/jornalnovametropole.com.br\/wp\/wp-content\/uploads\/2017\/09\/26-Falar-em-p\u00fablico-2.jpg\" alt=\"26---Falar-em-p\u00fablico-(2)\" width=\"900\" height=\"747\" srcset=\"https:\/\/jornalnovametropole.com.br\/wp\/wp-content\/uploads\/2017\/09\/26-Falar-em-p\u00fablico-2.jpg 900w, https:\/\/jornalnovametropole.com.br\/wp\/wp-content\/uploads\/2017\/09\/26-Falar-em-p\u00fablico-2-300x249.jpg 300w\" sizes=\"(max-width: 900px) 100vw, 900px\" \/><\/a><\/p>\n","protected":false},"excerpt":{"rendered":"<p>Segundo estudo, pavor est\u00e1 ligado ao receio de ser julgado Enfrentar uma plateia grande n\u00e3o \u00e9 uma tarefa f\u00e1cil. Para<\/p>\n","protected":false},"author":2,"featured_media":15526,"comment_status":"open","ping_status":"open","sticky":false,"template":"","format":"standard","meta":[],"categories":[5],"tags":[],"_links":{"self":[{"href":"https:\/\/jornalnovametropole.com.br\/wp\/wp-json\/wp\/v2\/posts\/15525"}],"collection":[{"href":"https:\/\/jornalnovametropole.com.br\/wp\/wp-json\/wp\/v2\/posts"}],"about":[{"href":"https:\/\/jornalnovametropole.com.br\/wp\/wp-json\/wp\/v2\/types\/post"}],"author":[{"embeddable":true,"href":"https:\/\/jornalnovametropole.com.br\/wp\/wp-json\/wp\/v2\/users\/2"}],"replies":[{"embeddable":true,"href":"https:\/\/jornalnovametropole.com.br\/wp\/wp-json\/wp\/v2\/comments?post=15525"}],"version-history":[{"count":1,"href":"https:\/\/jornalnovametropole.com.br\/wp\/wp-json\/wp\/v2\/posts\/15525\/revisions"}],"predecessor-version":[{"id":15528,"href":"https:\/\/jornalnovametropole.com.br\/wp\/wp-json\/wp\/v2\/posts\/15525\/revisions\/15528"}],"wp:featuredmedia":[{"embeddable":true,"href":"https:\/\/jornalnovametropole.com.br\/wp\/wp-json\/wp\/v2\/media\/15526"}],"wp:attachment":[{"href":"https:\/\/jornalnovametropole.com.br\/wp\/wp-json\/wp\/v2\/media?parent=15525"}],"wp:term":[{"taxonomy":"category","embeddable":true,"href":"https:\/\/jornalnovametropole.com.br\/wp\/wp-json\/wp\/v2\/categories?post=15525"},{"taxonomy":"post_tag","embeddable":true,"href":"https:\/\/jornalnovametropole.com.br\/wp\/wp-json\/wp\/v2\/tags?post=15525"}],"curies":[{"name":"wp","href":"https:\/\/api.w.org\/{rel}","templated":true}]}}