{"id":15369,"date":"2017-09-23T04:33:37","date_gmt":"2017-09-23T04:33:37","guid":{"rendered":"http:\/\/jornalnovametropole.com.br\/wp\/?p=15369"},"modified":"2017-09-22T13:33:51","modified_gmt":"2017-09-22T13:33:51","slug":"vw-atlas-podera-vir-ao-brasil","status":"publish","type":"post","link":"https:\/\/jornalnovametropole.com.br\/wp\/vw-atlas-podera-vir-ao-brasil\/","title":{"rendered":"VW Atlas poder\u00e1 vir ao Brasil"},"content":{"rendered":"<figure id=\"attachment_15370\" aria-describedby=\"caption-attachment-15370\" style=\"width: 900px\" class=\"wp-caption alignnone\"><a href=\"http:\/\/jornalnovametropole.com.br\/wp\/wp-content\/uploads\/2017\/09\/31-VW-Atlas.jpg\"><img loading=\"lazy\" class=\"size-full wp-image-15370\" src=\"http:\/\/jornalnovametropole.com.br\/wp\/wp-content\/uploads\/2017\/09\/31-VW-Atlas.jpg\" alt=\"Se for importado, SUV do porte do Touareg deve decretar fim do veterano\" width=\"900\" height=\"598\" srcset=\"https:\/\/jornalnovametropole.com.br\/wp\/wp-content\/uploads\/2017\/09\/31-VW-Atlas.jpg 900w, https:\/\/jornalnovametropole.com.br\/wp\/wp-content\/uploads\/2017\/09\/31-VW-Atlas-300x199.jpg 300w\" sizes=\"(max-width: 900px) 100vw, 900px\" \/><\/a><figcaption id=\"caption-attachment-15370\" class=\"wp-caption-text\">Se for importado, SUV do porte do Touareg deve decretar fim do veterano<\/figcaption><\/figure>\n<p>A ofensiva da Volkswagen no universo dos utilit\u00e1rios n\u00e3o para. Ap\u00f3s anunciar tr\u00eas novos modelos do segmento, o presidente da marca no pa\u00eds, David Powels, informou, em entrevista \u00e0 rep\u00f3rter Cleide Silva, do Estado, que poder\u00e1 importar um quarto SUV: o Atlas.<br \/>\n\u201cN\u00e3o vamos ser apenas uma marca de carros de entrada. Teremos tamb\u00e9m compactos premium, com os novos Polo e Virtus, e produtos importados como Jetta, Tiguan e talvez Atlas\u201d, disse o executivo<br \/>\nO Atlas foi lan\u00e7ado em 2016 para ser o SUV de topo da VW nos Estados Unidos. Se vier mesmo ao pa\u00eds, \u00e9 poss\u00edvel que a marca deixe de trazer o Touareg, que vende pouco por aqui.<br \/>\nVoltado ao mercado europeu, o Touareg foi lan\u00e7ado no Brasil em 2004 como um modelo de nicho. Sua nova gera\u00e7\u00e3o est\u00e1 em desenvolvimento e utilizar\u00e1 a plataforma do Audi Q7. Como Touareg e Atlas s\u00e3o do mesmo segmento, n\u00e3o faz sentido a oferta de ambos no mercado ao mesmo tempo.<\/p>\n","protected":false},"excerpt":{"rendered":"<p>A ofensiva da Volkswagen no universo dos utilit\u00e1rios n\u00e3o para. Ap\u00f3s anunciar tr\u00eas novos modelos do segmento, o presidente da<\/p>\n","protected":false},"author":2,"featured_media":15370,"comment_status":"open","ping_status":"open","sticky":false,"template":"","format":"standard","meta":[],"categories":[7],"tags":[],"_links":{"self":[{"href":"https:\/\/jornalnovametropole.com.br\/wp\/wp-json\/wp\/v2\/posts\/15369"}],"collection":[{"href":"https:\/\/jornalnovametropole.com.br\/wp\/wp-json\/wp\/v2\/posts"}],"about":[{"href":"https:\/\/jornalnovametropole.com.br\/wp\/wp-json\/wp\/v2\/types\/post"}],"author":[{"embeddable":true,"href":"https:\/\/jornalnovametropole.com.br\/wp\/wp-json\/wp\/v2\/users\/2"}],"replies":[{"embeddable":true,"href":"https:\/\/jornalnovametropole.com.br\/wp\/wp-json\/wp\/v2\/comments?post=15369"}],"version-history":[{"count":1,"href":"https:\/\/jornalnovametropole.com.br\/wp\/wp-json\/wp\/v2\/posts\/15369\/revisions"}],"predecessor-version":[{"id":15371,"href":"https:\/\/jornalnovametropole.com.br\/wp\/wp-json\/wp\/v2\/posts\/15369\/revisions\/15371"}],"wp:featuredmedia":[{"embeddable":true,"href":"https:\/\/jornalnovametropole.com.br\/wp\/wp-json\/wp\/v2\/media\/15370"}],"wp:attachment":[{"href":"https:\/\/jornalnovametropole.com.br\/wp\/wp-json\/wp\/v2\/media?parent=15369"}],"wp:term":[{"taxonomy":"category","embeddable":true,"href":"https:\/\/jornalnovametropole.com.br\/wp\/wp-json\/wp\/v2\/categories?post=15369"},{"taxonomy":"post_tag","embeddable":true,"href":"https:\/\/jornalnovametropole.com.br\/wp\/wp-json\/wp\/v2\/tags?post=15369"}],"curies":[{"name":"wp","href":"https:\/\/api.w.org\/{rel}","templated":true}]}}