{"id":1536,"date":"2015-01-12T07:32:16","date_gmt":"2015-01-12T07:32:16","guid":{"rendered":"http:\/\/jornalnovametropole.com.br\/wp\/?p=1536"},"modified":"2015-01-12T17:20:50","modified_gmt":"2015-01-12T17:20:50","slug":"star-wars","status":"publish","type":"post","link":"https:\/\/jornalnovametropole.com.br\/wp\/star-wars\/","title":{"rendered":"Star Wars"},"content":{"rendered":"<p>Star Wars: O Despertar da For\u00e7a deve ganhar novo refor\u00e7o no elenco. Segundo o site Twich, os atores indon\u00e9sios, Iko Uwais, Yayan Ruhian e Cecep Arif Rahman, que participaram dos filmes The Raid 1 e 2, podem fazer uma participa\u00e7\u00e3o no longa. Ainda n\u00e3o h\u00e1 mais informa\u00e7\u00f5es sobre como vai ser o envolvimento desses atores no Epis\u00f3dio Sete, mas de acordo com o site um dos personagens em quest\u00e3o ser\u00e1 morto em cena. O novo Star Wars estreia em dezembro e tem a dire\u00e7\u00e3o de J. J. Abrams. A hist\u00f3ria se passar\u00e1 30 anos depois dos acontecimentos de O Retorno de Jedi e a estreia no Brasil para 2015.<\/p>\n","protected":false},"excerpt":{"rendered":"<p>Star Wars: O Despertar da For\u00e7a deve ganhar novo refor\u00e7o no elenco. Segundo o site Twich, os atores indon\u00e9sios, Iko<\/p>\n","protected":false},"author":2,"featured_media":1537,"comment_status":"open","ping_status":"open","sticky":false,"template":"","format":"standard","meta":[],"categories":[3,16],"tags":[324],"_links":{"self":[{"href":"https:\/\/jornalnovametropole.com.br\/wp\/wp-json\/wp\/v2\/posts\/1536"}],"collection":[{"href":"https:\/\/jornalnovametropole.com.br\/wp\/wp-json\/wp\/v2\/posts"}],"about":[{"href":"https:\/\/jornalnovametropole.com.br\/wp\/wp-json\/wp\/v2\/types\/post"}],"author":[{"embeddable":true,"href":"https:\/\/jornalnovametropole.com.br\/wp\/wp-json\/wp\/v2\/users\/2"}],"replies":[{"embeddable":true,"href":"https:\/\/jornalnovametropole.com.br\/wp\/wp-json\/wp\/v2\/comments?post=1536"}],"version-history":[{"count":1,"href":"https:\/\/jornalnovametropole.com.br\/wp\/wp-json\/wp\/v2\/posts\/1536\/revisions"}],"predecessor-version":[{"id":1538,"href":"https:\/\/jornalnovametropole.com.br\/wp\/wp-json\/wp\/v2\/posts\/1536\/revisions\/1538"}],"wp:featuredmedia":[{"embeddable":true,"href":"https:\/\/jornalnovametropole.com.br\/wp\/wp-json\/wp\/v2\/media\/1537"}],"wp:attachment":[{"href":"https:\/\/jornalnovametropole.com.br\/wp\/wp-json\/wp\/v2\/media?parent=1536"}],"wp:term":[{"taxonomy":"category","embeddable":true,"href":"https:\/\/jornalnovametropole.com.br\/wp\/wp-json\/wp\/v2\/categories?post=1536"},{"taxonomy":"post_tag","embeddable":true,"href":"https:\/\/jornalnovametropole.com.br\/wp\/wp-json\/wp\/v2\/tags?post=1536"}],"curies":[{"name":"wp","href":"https:\/\/api.w.org\/{rel}","templated":true}]}}