{"id":15186,"date":"2017-09-09T06:38:27","date_gmt":"2017-09-09T06:38:27","guid":{"rendered":"http:\/\/jornalnovametropole.com.br\/wp\/?p=15186"},"modified":"2017-09-06T20:38:47","modified_gmt":"2017-09-06T20:38:47","slug":"inscricoes-para-o-acrisio-de-camargo-terminam-dia-15","status":"publish","type":"post","link":"https:\/\/jornalnovametropole.com.br\/wp\/inscricoes-para-o-acrisio-de-camargo-terminam-dia-15\/","title":{"rendered":"Inscri\u00e7\u00f5es para o Acr\u00edsio de  Camargo terminam  dia 15"},"content":{"rendered":"<p>O Pr\u00eamio Liter\u00e1rio Acr\u00edsio de Camargo foi criado pela Prefeitura Municipal e est\u00e1 em sua 13\u00aa edi\u00e7\u00e3o. O concurso tem como objetivo divulgar o nome do autor da letra do Hino de Indaiatuba e incentivar a produ\u00e7\u00e3o liter\u00e1ria. A Secretaria Municipal de Cultura receber\u00e1 at\u00e9 o dia 15, as inscri\u00e7\u00f5es para o tradicional evento. Podem participar interessados de todo o territ\u00f3rio nacional, a partir de 12 anos completos (aos menores de 18 anos ser\u00e1 exigida autoriza\u00e7\u00e3o por escrito). Cada concorrente poder\u00e1 participar com um texto em quantas modalidades quiser, desde que a obra n\u00e3o tenha sido divulgada em lugar algum. As categorias s\u00e3o: Poesia (m\u00e1ximo de 3 p\u00e1ginas), Conto (m\u00e1ximo de 7 p\u00e1ginas) e Cr\u00f4nica (1 p\u00e1gina).<br \/>\nO regulamento e a ficha de inscri\u00e7\u00e3o j\u00e1 est\u00e3o dispon\u00edveis no site da Prefeitura (www.indaiatuba.sp.gov.br\/cultura). Para aderir os interessados devem comparecer no Centro de Conven\u00e7\u00f5es Aydil Bonachella, de segunda a sexta-feira das 8h \u00e0s 17h.<br \/>\nAs obras ser\u00e3o avaliadas por uma Comiss\u00e3o Julgadora integrada por profissionais de Literatura do Estado de S\u00e3o Paulo e ser\u00e3o atribu\u00eddos pr\u00eamios, para cada modalidade, de R$ 3,5 mil para o 1\u00ba lugar, R$ 2,5 mil para o 2\u00ba lugar e R$ 1,5 mil para o 3\u00ba lugar.<\/p>\n","protected":false},"excerpt":{"rendered":"<p>O Pr\u00eamio Liter\u00e1rio Acr\u00edsio de Camargo foi criado pela Prefeitura Municipal e est\u00e1 em sua 13\u00aa edi\u00e7\u00e3o. O concurso tem<\/p>\n","protected":false},"author":2,"featured_media":0,"comment_status":"open","ping_status":"open","sticky":false,"template":"","format":"standard","meta":[],"categories":[5],"tags":[],"_links":{"self":[{"href":"https:\/\/jornalnovametropole.com.br\/wp\/wp-json\/wp\/v2\/posts\/15186"}],"collection":[{"href":"https:\/\/jornalnovametropole.com.br\/wp\/wp-json\/wp\/v2\/posts"}],"about":[{"href":"https:\/\/jornalnovametropole.com.br\/wp\/wp-json\/wp\/v2\/types\/post"}],"author":[{"embeddable":true,"href":"https:\/\/jornalnovametropole.com.br\/wp\/wp-json\/wp\/v2\/users\/2"}],"replies":[{"embeddable":true,"href":"https:\/\/jornalnovametropole.com.br\/wp\/wp-json\/wp\/v2\/comments?post=15186"}],"version-history":[{"count":1,"href":"https:\/\/jornalnovametropole.com.br\/wp\/wp-json\/wp\/v2\/posts\/15186\/revisions"}],"predecessor-version":[{"id":15187,"href":"https:\/\/jornalnovametropole.com.br\/wp\/wp-json\/wp\/v2\/posts\/15186\/revisions\/15187"}],"wp:attachment":[{"href":"https:\/\/jornalnovametropole.com.br\/wp\/wp-json\/wp\/v2\/media?parent=15186"}],"wp:term":[{"taxonomy":"category","embeddable":true,"href":"https:\/\/jornalnovametropole.com.br\/wp\/wp-json\/wp\/v2\/categories?post=15186"},{"taxonomy":"post_tag","embeddable":true,"href":"https:\/\/jornalnovametropole.com.br\/wp\/wp-json\/wp\/v2\/tags?post=15186"}],"curies":[{"name":"wp","href":"https:\/\/api.w.org\/{rel}","templated":true}]}}