{"id":15171,"date":"2017-09-09T06:23:27","date_gmt":"2017-09-09T06:23:27","guid":{"rendered":"http:\/\/jornalnovametropole.com.br\/wp\/?p=15171"},"modified":"2017-09-06T20:25:14","modified_gmt":"2017-09-06T20:25:14","slug":"star-wars-6","status":"publish","type":"post","link":"https:\/\/jornalnovametropole.com.br\/wp\/star-wars-6\/","title":{"rendered":"Star Wars"},"content":{"rendered":"<p><a href=\"http:\/\/jornalnovametropole.com.br\/wp\/wp-content\/uploads\/2017\/09\/16-nota.jpg\"><img loading=\"lazy\" class=\"alignnone size-full wp-image-15172\" src=\"http:\/\/jornalnovametropole.com.br\/wp\/wp-content\/uploads\/2017\/09\/16-nota.jpg\" alt=\"16---nota\" width=\"900\" height=\"432\" srcset=\"https:\/\/jornalnovametropole.com.br\/wp\/wp-content\/uploads\/2017\/09\/16-nota.jpg 900w, https:\/\/jornalnovametropole.com.br\/wp\/wp-content\/uploads\/2017\/09\/16-nota-300x144.jpg 300w\" sizes=\"(max-width: 900px) 100vw, 900px\" \/><\/a><\/p>\n<p>Star Wars: O Despertar da For\u00e7a deu um grande passo em rela\u00e7\u00e3o \u00e0 diversidade e representatividade na franquia ao colocar uma mulher, um negro e um latino em pap\u00e9is de destaque. Agora, Star Wars: Os \u00daltimos Jedi, pr\u00f3ximo filme da saga espacial, pode ter seu primeiro personagem LGBT. (Via DigitalSpy). Vale lembrar que na \u00e9poca do lan\u00e7amento de O Despertar da For\u00e7a, algumas teorias apontavam que Finn e Poe Dameron teriam um relacionamento amoroso, que ficou subentendido no filme. Os \u00daltimos Jedi tem estreia marcada para 14 de dezembro.<\/p>\n","protected":false},"excerpt":{"rendered":"<p>Star Wars: O Despertar da For\u00e7a deu um grande passo em rela\u00e7\u00e3o \u00e0 diversidade e representatividade na franquia ao colocar<\/p>\n","protected":false},"author":2,"featured_media":15172,"comment_status":"open","ping_status":"open","sticky":false,"template":"","format":"standard","meta":[],"categories":[15],"tags":[324],"_links":{"self":[{"href":"https:\/\/jornalnovametropole.com.br\/wp\/wp-json\/wp\/v2\/posts\/15171"}],"collection":[{"href":"https:\/\/jornalnovametropole.com.br\/wp\/wp-json\/wp\/v2\/posts"}],"about":[{"href":"https:\/\/jornalnovametropole.com.br\/wp\/wp-json\/wp\/v2\/types\/post"}],"author":[{"embeddable":true,"href":"https:\/\/jornalnovametropole.com.br\/wp\/wp-json\/wp\/v2\/users\/2"}],"replies":[{"embeddable":true,"href":"https:\/\/jornalnovametropole.com.br\/wp\/wp-json\/wp\/v2\/comments?post=15171"}],"version-history":[{"count":1,"href":"https:\/\/jornalnovametropole.com.br\/wp\/wp-json\/wp\/v2\/posts\/15171\/revisions"}],"predecessor-version":[{"id":15173,"href":"https:\/\/jornalnovametropole.com.br\/wp\/wp-json\/wp\/v2\/posts\/15171\/revisions\/15173"}],"wp:featuredmedia":[{"embeddable":true,"href":"https:\/\/jornalnovametropole.com.br\/wp\/wp-json\/wp\/v2\/media\/15172"}],"wp:attachment":[{"href":"https:\/\/jornalnovametropole.com.br\/wp\/wp-json\/wp\/v2\/media?parent=15171"}],"wp:term":[{"taxonomy":"category","embeddable":true,"href":"https:\/\/jornalnovametropole.com.br\/wp\/wp-json\/wp\/v2\/categories?post=15171"},{"taxonomy":"post_tag","embeddable":true,"href":"https:\/\/jornalnovametropole.com.br\/wp\/wp-json\/wp\/v2\/tags?post=15171"}],"curies":[{"name":"wp","href":"https:\/\/api.w.org\/{rel}","templated":true}]}}