{"id":1480,"date":"2015-01-12T10:59:47","date_gmt":"2015-01-12T10:59:47","guid":{"rendered":"http:\/\/jornalnovametropole.com.br\/wp\/?p=1480"},"modified":"2015-01-12T10:59:47","modified_gmt":"2015-01-12T10:59:47","slug":"volta-as-aulas-sera-no-dia-2-de-fevereiro","status":"publish","type":"post","link":"https:\/\/jornalnovametropole.com.br\/wp\/volta-as-aulas-sera-no-dia-2-de-fevereiro\/","title":{"rendered":"Volta \u00e0s aulas ser\u00e1 no dia 2 de fevereiro"},"content":{"rendered":"<h3>Estudantes devem fazer a matr\u00edcula at\u00e9 dia 15<\/h3>\n<figure id=\"attachment_1482\" aria-describedby=\"caption-attachment-1482\" style=\"width: 602px\" class=\"wp-caption alignnone\"><a href=\"http:\/\/jornalnovametropole.com.br\/wp\/wp-content\/uploads\/2015\/01\/06-Enisno-B\u00e1sico-2011-1-Eliandro-Figueira-ACS-PMI.jpg\"><img loading=\"lazy\" class=\"size-full wp-image-1482\" src=\"http:\/\/jornalnovametropole.com.br\/wp\/wp-content\/uploads\/2015\/01\/06-Enisno-B\u00e1sico-2011-1-Eliandro-Figueira-ACS-PMI.jpg\" alt=\"O per\u00edodo de f\u00e9rias escolares da rede estadual de ensino come\u00e7a no dia 2 de julho e tem retorno previsto para 3 de agosto\" width=\"602\" height=\"400\" srcset=\"https:\/\/jornalnovametropole.com.br\/wp\/wp-content\/uploads\/2015\/01\/06-Enisno-B\u00e1sico-2011-1-Eliandro-Figueira-ACS-PMI.jpg 602w, https:\/\/jornalnovametropole.com.br\/wp\/wp-content\/uploads\/2015\/01\/06-Enisno-B\u00e1sico-2011-1-Eliandro-Figueira-ACS-PMI-300x199.jpg 300w\" sizes=\"(max-width: 602px) 100vw, 602px\" \/><\/a><figcaption id=\"caption-attachment-1482\" class=\"wp-caption-text\">O per\u00edodo de f\u00e9rias escolares da rede estadual de ensino come\u00e7a no dia 2 de julho e tem retorno previsto para 3 de agosto<\/figcaption><\/figure>\n<p>A Secretaria da Educa\u00e7\u00e3o do Estado de S\u00e3o Paulo definiu seu calend\u00e1rio escolar para 2015. Os quatro milh\u00f5es de alunos da rede estadual de ensino retornar\u00e3o \u00e0s aulas no dia 2 de fevereiro. J\u00e1 o per\u00edodo de f\u00e9rias escolares est\u00e1 previsto para o dia 2 de julho e retorno no dia 3 de agosto. As datas foram publicadas no Di\u00e1rio Oficial.<br \/>\nAs matr\u00edculas para os estudantes que queiram ingressar na rede p\u00fablica em 2015 ainda est\u00e3o abertas. Para fazer o cadastro, basta comparecer a qualquer uma das cinco mil escolas e fornecer nome completo, data de nascimento, endere\u00e7o residencial e telefone para contato. \u00c9 recomend\u00e1vel levar a certid\u00e3o de nascimento e comprovante de resid\u00eancia. Para os alunos que frequentaram a rede estadual em 2014, a matr\u00edcula \u00e9 feita automaticamente.<br \/>\nDurante o per\u00edodo de recesso escolar, a Secretaria tamb\u00e9m recebe os pedidos de transfer\u00eancias para alunos que trocaram de endere\u00e7o ou tenham prefer\u00eancia por outra unidade de ensino. O prazo vai at\u00e9 15 de janeiro e o resultado final ser\u00e1 divulgado no dia 16.<\/p>\n","protected":false},"excerpt":{"rendered":"<p>Estudantes devem fazer a matr\u00edcula at\u00e9 dia 15 A Secretaria da Educa\u00e7\u00e3o do Estado de S\u00e3o Paulo definiu seu calend\u00e1rio<\/p>\n","protected":false},"author":2,"featured_media":1482,"comment_status":"open","ping_status":"open","sticky":false,"template":"","format":"standard","meta":[],"categories":[3],"tags":[174],"_links":{"self":[{"href":"https:\/\/jornalnovametropole.com.br\/wp\/wp-json\/wp\/v2\/posts\/1480"}],"collection":[{"href":"https:\/\/jornalnovametropole.com.br\/wp\/wp-json\/wp\/v2\/posts"}],"about":[{"href":"https:\/\/jornalnovametropole.com.br\/wp\/wp-json\/wp\/v2\/types\/post"}],"author":[{"embeddable":true,"href":"https:\/\/jornalnovametropole.com.br\/wp\/wp-json\/wp\/v2\/users\/2"}],"replies":[{"embeddable":true,"href":"https:\/\/jornalnovametropole.com.br\/wp\/wp-json\/wp\/v2\/comments?post=1480"}],"version-history":[{"count":1,"href":"https:\/\/jornalnovametropole.com.br\/wp\/wp-json\/wp\/v2\/posts\/1480\/revisions"}],"predecessor-version":[{"id":1483,"href":"https:\/\/jornalnovametropole.com.br\/wp\/wp-json\/wp\/v2\/posts\/1480\/revisions\/1483"}],"wp:featuredmedia":[{"embeddable":true,"href":"https:\/\/jornalnovametropole.com.br\/wp\/wp-json\/wp\/v2\/media\/1482"}],"wp:attachment":[{"href":"https:\/\/jornalnovametropole.com.br\/wp\/wp-json\/wp\/v2\/media?parent=1480"}],"wp:term":[{"taxonomy":"category","embeddable":true,"href":"https:\/\/jornalnovametropole.com.br\/wp\/wp-json\/wp\/v2\/categories?post=1480"},{"taxonomy":"post_tag","embeddable":true,"href":"https:\/\/jornalnovametropole.com.br\/wp\/wp-json\/wp\/v2\/tags?post=1480"}],"curies":[{"name":"wp","href":"https:\/\/api.w.org\/{rel}","templated":true}]}}