{"id":14648,"date":"2017-08-05T04:25:50","date_gmt":"2017-08-05T04:25:50","guid":{"rendered":"http:\/\/jornalnovametropole.com.br\/wp\/?p=14648"},"modified":"2017-08-04T13:26:13","modified_gmt":"2017-08-04T13:26:13","slug":"prefeitura-convoca-beneficiarios","status":"publish","type":"post","link":"https:\/\/jornalnovametropole.com.br\/wp\/prefeitura-convoca-beneficiarios\/","title":{"rendered":"Prefeitura convoca benefici\u00e1rios"},"content":{"rendered":"<p>A Prefeitura convoca os benefici\u00e1rios do BPC (Benef\u00edcio de Presta\u00e7\u00e3o Continuada) \/ LOAS (Lei Org\u00e2nica de Assist\u00eancia Social) para realizar a inclus\u00e3o no Cadastro \u00danico. Os favorecidos que est\u00e3o com o endere\u00e7o atualizado v\u00e3o receber uma carta com as orienta\u00e7\u00f5es em suas resid\u00eancias e quem n\u00e3o receber deve comparecer na Semfabes (Secretaria Municipal da Fam\u00edlia e do Bem Estar Social) ou no Cras (Centro de Refer\u00eancia de Assist\u00eancia Social) que faz parte para realizar o Cadastro. O prazo para inscri\u00e7\u00e3o, \u00e9 exig\u00eancia do INSS e quem n\u00e3o comparecer ter\u00e1 o benef\u00edcio bloqueado, ser\u00e1 de 1 de agosto at\u00e9 15 de dezembro de 2017, das 8h \u00e0s 16h, de segunda a sexta-feira.<br \/>\nCaso o benefici\u00e1rio n\u00e3o possa comparecer para realizar o cadastro \u00e9 necess\u00e1rio que algum membro da fam\u00edlia, maior de 18 anos, compare\u00e7a trazendo os documentos informados acima.<\/p>\n","protected":false},"excerpt":{"rendered":"<p>A Prefeitura convoca os benefici\u00e1rios do BPC (Benef\u00edcio de Presta\u00e7\u00e3o Continuada) \/ LOAS (Lei Org\u00e2nica de Assist\u00eancia Social) para realizar<\/p>\n","protected":false},"author":2,"featured_media":0,"comment_status":"open","ping_status":"open","sticky":false,"template":"","format":"standard","meta":[],"categories":[3],"tags":[],"_links":{"self":[{"href":"https:\/\/jornalnovametropole.com.br\/wp\/wp-json\/wp\/v2\/posts\/14648"}],"collection":[{"href":"https:\/\/jornalnovametropole.com.br\/wp\/wp-json\/wp\/v2\/posts"}],"about":[{"href":"https:\/\/jornalnovametropole.com.br\/wp\/wp-json\/wp\/v2\/types\/post"}],"author":[{"embeddable":true,"href":"https:\/\/jornalnovametropole.com.br\/wp\/wp-json\/wp\/v2\/users\/2"}],"replies":[{"embeddable":true,"href":"https:\/\/jornalnovametropole.com.br\/wp\/wp-json\/wp\/v2\/comments?post=14648"}],"version-history":[{"count":1,"href":"https:\/\/jornalnovametropole.com.br\/wp\/wp-json\/wp\/v2\/posts\/14648\/revisions"}],"predecessor-version":[{"id":14649,"href":"https:\/\/jornalnovametropole.com.br\/wp\/wp-json\/wp\/v2\/posts\/14648\/revisions\/14649"}],"wp:attachment":[{"href":"https:\/\/jornalnovametropole.com.br\/wp\/wp-json\/wp\/v2\/media?parent=14648"}],"wp:term":[{"taxonomy":"category","embeddable":true,"href":"https:\/\/jornalnovametropole.com.br\/wp\/wp-json\/wp\/v2\/categories?post=14648"},{"taxonomy":"post_tag","embeddable":true,"href":"https:\/\/jornalnovametropole.com.br\/wp\/wp-json\/wp\/v2\/tags?post=14648"}],"curies":[{"name":"wp","href":"https:\/\/api.w.org\/{rel}","templated":true}]}}