{"id":14212,"date":"2017-07-08T05:01:00","date_gmt":"2017-07-08T05:01:00","guid":{"rendered":"http:\/\/jornalnovametropole.com.br\/wp\/?p=14212"},"modified":"2017-07-07T18:02:33","modified_gmt":"2017-07-07T18:02:33","slug":"caixa-antecipa-cronograma-de-saque","status":"publish","type":"post","link":"https:\/\/jornalnovametropole.com.br\/wp\/caixa-antecipa-cronograma-de-saque\/","title":{"rendered":"Caixa antecipa cronograma de saque"},"content":{"rendered":"<h3>Ag\u00eancias da Caixa ir\u00e3o abrir das 9h \u00e0s 15h<\/h3>\n<figure id=\"attachment_14213\" aria-describedby=\"caption-attachment-14213\" style=\"width: 900px\" class=\"wp-caption alignnone\"><a href=\"http:\/\/jornalnovametropole.com.br\/wp\/wp-content\/uploads\/2017\/07\/12-FGTS.jpg\"><img loading=\"lazy\" class=\"size-full wp-image-14213\" src=\"http:\/\/jornalnovametropole.com.br\/wp\/wp-content\/uploads\/2017\/07\/12-FGTS.jpg\" alt=\"O prazo de saque das contas inativas do FGTS encerra no dia 31 de julho e n\u00e3o deve ser prorrogado, segundo a Caixa Econ\u00f4mica Federal texto: Por Idiana Tomazelli\/ag\u00eancia estado | foto: Arquivo\/Ag\u00eancia Brasil\" width=\"900\" height=\"563\" srcset=\"https:\/\/jornalnovametropole.com.br\/wp\/wp-content\/uploads\/2017\/07\/12-FGTS.jpg 900w, https:\/\/jornalnovametropole.com.br\/wp\/wp-content\/uploads\/2017\/07\/12-FGTS-300x188.jpg 300w\" sizes=\"(max-width: 900px) 100vw, 900px\" \/><\/a><figcaption id=\"caption-attachment-14213\" class=\"wp-caption-text\">O prazo de saque das contas inativas do FGTS encerra no dia 31 de julho e n\u00e3o deve ser prorrogado, segundo a Caixa Econ\u00f4mica Federal<br \/>texto: Por Idiana Tomazelli\/ag\u00eancia estado | foto: Arquivo\/Ag\u00eancia Brasil<\/figcaption><\/figure>\n<p>Os trabalhadores nascidos em dezembro, que ficaram por \u00faltimo na fila do saque das contas inativas do FGTS, poder\u00e3o resgatar os recursos antes do previsto. A Caixa Econ\u00f4mica Federal antecipou novamente o cronograma e vai abrir as ag\u00eancias hoje, dia 8 para pagar os benefici\u00e1rios.<br \/>\nMais de 2,5 milh\u00f5es de brasileiros t\u00eam direito ao saque a partir deste m\u00eas, segundo o calend\u00e1rio previsto pela Caixa. A estimativa \u00e9 de que os saques nesta fase ultrapassem R$ 3,5 bilh\u00f5es.<br \/>\nQuem j\u00e1 tinha direito ao resgate em meses anteriores mas ainda n\u00e3o efetuou o saque tamb\u00e9m precisa se agilizar. O prazo final para solicitar o dinheiro \u00e9 31 de julho. O presidente da Caixa, Gilberto Occhi, j\u00e1 advertiu em outras ocasi\u00f5es que n\u00e3o h\u00e1 possibilidade de prorroga\u00e7\u00e3o.<br \/>\nInicialmente, a previs\u00e3o era liberar o \u00faltimo lote no dia 14 de julho, mas nos \u00faltimos meses a Caixa j\u00e1 vinha antecipando o in\u00edcio dos resgates. Cerca de duas mil ag\u00eancias do banco v\u00e3o abrir hoje das 9h \u00e0s 15h para atender os trabalhadores. O atendimento ser\u00e1 exclusivo para o saque das contas inativas. J\u00e1 na segunda-feira, dia 10, as ag\u00eancias da Caixa abrir\u00e3o duas horas mais cedo.<br \/>\nEm geral, o trabalhador s\u00f3 pode sacar os recursos de suas contas do FGTS quando \u00e9 demitido sem justa causa, ao se aposentar, quando estiver h\u00e1 tr\u00eas anos sem emprego com carteira assinada, ou quando usa o dinheiro para financiar a casa pr\u00f3pria. A medida, proposta pelo governo do presidente Michel Temer como uma agenda positiva, permitiu que benefici\u00e1rios que pediram demiss\u00e3o ou que foram dispensados com justa causa at\u00e9 dezembro de 2015 pudessem sacar os valores que continuavam depositados.<br \/>\nAt\u00e9 28 de junho, a Caixa j\u00e1 havia registrado o pagamento de mais de R$ 38,2 bilh\u00f5es, equivalente a 95,38% do total previsto. O n\u00famero de trabalhadores nascidos at\u00e9 novembro e que j\u00e1 haviam sacado at\u00e9 esse dia alcan\u00e7ou 22,6 milh\u00f5es (81% do total).<\/p>\n<p>Abono<br \/>\nO governo divulgou o cronograma de pagamento do abono salarial referente ao ano de 2017. O benef\u00edcio \u00e9 pago anualmente aos trabalhadores inscritos no PIS\/Pasep h\u00e1 pelo menos cinco anos e que t\u00eam rendimento m\u00e9dio mensal de at\u00e9 dois sal\u00e1rios m\u00ednimos. Recebe o abono quem trabalhou formalmente por pelo menos 30 dias no ano passado, e o valor pago varia de R$ 79 a R$ 937, sendo proporcional ao tempo de servi\u00e7o, assim como \u00e9 o 13\u00ba.<br \/>\nO pagamento do abono come\u00e7a em 27 de julho, e a estimativa \u00e9 de que 24,12 milh\u00f5es de trabalhadores receber\u00e3o o benef\u00edcio, segundo o Conselho Deliberativo do Fundo de Amparo ao Trabalho (Codefat). Correntistas da Caixa Econ\u00f4mica Federal recebem o cr\u00e9dito em conta dois dias antes.<br \/>\nQuem nasceu entre julho e dezembro recebe o benef\u00edcio ainda neste ano, e os nascidos entre janeiro a junho, no primeiro trimestre de 2018. Em qualquer situa\u00e7\u00e3o, o recurso fica \u00e0 disposi\u00e7\u00e3o do trabalhador at\u00e9 29 de junho do ano que vem, prazo final para o recebimento.<br \/>\nO Minist\u00e9rio do Trabalho estima que R$ 16,5 bilh\u00f5es ser\u00e3o destinados ao pagamento do abono salarial. O custo anual elevado da medida \u00e9 uma raz\u00e3o por tr\u00e1s dos estudos da equipe econ\u00f4mica para acabar com o benef\u00edcio.<br \/>\nComo mostrou o Estad\u00e3o\/Broadcast na semana passada, o fim do abono seria uma alternativa para o governo cortar despesas e garantir o cumprimento do teto de gastos e a volta de super\u00e1vits prim\u00e1rios nas contas p\u00fablicas caso a vota\u00e7\u00e3o da Reforma da Previd\u00eancia naufrague no Congresso Nacional. O custo pol\u00edtico do fim do abono salarial, por\u00e9m, seria bem alto, uma vez que seus benefici\u00e1rios s\u00e3o a camada mais pobre da popula\u00e7\u00e3o.<\/p>\n","protected":false},"excerpt":{"rendered":"<p>Ag\u00eancias da Caixa ir\u00e3o abrir das 9h \u00e0s 15h Os trabalhadores nascidos em dezembro, que ficaram por \u00faltimo na fila<\/p>\n","protected":false},"author":2,"featured_media":14213,"comment_status":"open","ping_status":"open","sticky":false,"template":"","format":"standard","meta":[],"categories":[3],"tags":[2461],"_links":{"self":[{"href":"https:\/\/jornalnovametropole.com.br\/wp\/wp-json\/wp\/v2\/posts\/14212"}],"collection":[{"href":"https:\/\/jornalnovametropole.com.br\/wp\/wp-json\/wp\/v2\/posts"}],"about":[{"href":"https:\/\/jornalnovametropole.com.br\/wp\/wp-json\/wp\/v2\/types\/post"}],"author":[{"embeddable":true,"href":"https:\/\/jornalnovametropole.com.br\/wp\/wp-json\/wp\/v2\/users\/2"}],"replies":[{"embeddable":true,"href":"https:\/\/jornalnovametropole.com.br\/wp\/wp-json\/wp\/v2\/comments?post=14212"}],"version-history":[{"count":1,"href":"https:\/\/jornalnovametropole.com.br\/wp\/wp-json\/wp\/v2\/posts\/14212\/revisions"}],"predecessor-version":[{"id":14214,"href":"https:\/\/jornalnovametropole.com.br\/wp\/wp-json\/wp\/v2\/posts\/14212\/revisions\/14214"}],"wp:featuredmedia":[{"embeddable":true,"href":"https:\/\/jornalnovametropole.com.br\/wp\/wp-json\/wp\/v2\/media\/14213"}],"wp:attachment":[{"href":"https:\/\/jornalnovametropole.com.br\/wp\/wp-json\/wp\/v2\/media?parent=14212"}],"wp:term":[{"taxonomy":"category","embeddable":true,"href":"https:\/\/jornalnovametropole.com.br\/wp\/wp-json\/wp\/v2\/categories?post=14212"},{"taxonomy":"post_tag","embeddable":true,"href":"https:\/\/jornalnovametropole.com.br\/wp\/wp-json\/wp\/v2\/tags?post=14212"}],"curies":[{"name":"wp","href":"https:\/\/api.w.org\/{rel}","templated":true}]}}