{"id":13994,"date":"2017-06-24T06:21:18","date_gmt":"2017-06-24T06:21:18","guid":{"rendered":"http:\/\/jornalnovametropole.com.br\/wp\/?p=13994"},"modified":"2017-06-23T18:22:38","modified_gmt":"2017-06-23T18:22:38","slug":"casarao-4","status":"publish","type":"post","link":"https:\/\/jornalnovametropole.com.br\/wp\/casarao-4\/","title":{"rendered":"Casar\u00e3o"},"content":{"rendered":"<p><a href=\"http:\/\/jornalnovametropole.com.br\/wp\/wp-content\/uploads\/2017\/06\/6-Casar\u00e3o-foto-La\u00eds-Fernandes-RICPMI.jpg\"><img loading=\"lazy\" class=\"alignnone size-full wp-image-13995\" src=\"http:\/\/jornalnovametropole.com.br\/wp\/wp-content\/uploads\/2017\/06\/6-Casar\u00e3o-foto-La\u00eds-Fernandes-RICPMI.jpg\" alt=\"6---Casar\u00e3o---foto-La\u00eds-Fernandes---RICPMI\" width=\"900\" height=\"598\" srcset=\"https:\/\/jornalnovametropole.com.br\/wp\/wp-content\/uploads\/2017\/06\/6-Casar\u00e3o-foto-La\u00eds-Fernandes-RICPMI.jpg 900w, https:\/\/jornalnovametropole.com.br\/wp\/wp-content\/uploads\/2017\/06\/6-Casar\u00e3o-foto-La\u00eds-Fernandes-RICPMI-300x199.jpg 300w\" sizes=\"(max-width: 900px) 100vw, 900px\" \/><\/a><\/p>\n<p>A Prefeitura por meio da Funda\u00e7\u00e3o Pr\u00f3-Mem\u00f3ria e em parceria com o Departamento de Hist\u00f3ria do Instituto de Filosofia e Ci\u00eancias Humanas na Unicamp, promover\u00e3o oficinas gratuitas da Escola do Patrim\u00f4nio durante o ano de 2017, que visa discutir quest\u00f5es referentes ao patrim\u00f4nio documental, cultural e ambiental e sua preserva\u00e7\u00e3o por meio de oficinas gratuitas destinadas \u00e0 comunidade. Para participar basta preencher a ficha de inscri\u00e7\u00e3o dispon\u00edvel no site da funda\u00e7\u00e3o, www.promemoria.indaiatuba.sp.gov.br\/, e encaminh\u00e1-la para o e-mail escoladopatrimonio@promemoria.indaiatuba.sp.gov.br. O documento estar\u00e1 \u00e0 disposi\u00e7\u00e3o quinze dias corridos antes de cada curso. Mais informa\u00e7\u00f5es pelo 3875-8383 ou diretamente no Museu Casar\u00e3o Pau Preto.<\/p>\n","protected":false},"excerpt":{"rendered":"<p>A Prefeitura por meio da Funda\u00e7\u00e3o Pr\u00f3-Mem\u00f3ria e em parceria com o Departamento de Hist\u00f3ria do Instituto de Filosofia e<\/p>\n","protected":false},"author":2,"featured_media":13995,"comment_status":"open","ping_status":"open","sticky":false,"template":"","format":"standard","meta":[],"categories":[16],"tags":[44],"_links":{"self":[{"href":"https:\/\/jornalnovametropole.com.br\/wp\/wp-json\/wp\/v2\/posts\/13994"}],"collection":[{"href":"https:\/\/jornalnovametropole.com.br\/wp\/wp-json\/wp\/v2\/posts"}],"about":[{"href":"https:\/\/jornalnovametropole.com.br\/wp\/wp-json\/wp\/v2\/types\/post"}],"author":[{"embeddable":true,"href":"https:\/\/jornalnovametropole.com.br\/wp\/wp-json\/wp\/v2\/users\/2"}],"replies":[{"embeddable":true,"href":"https:\/\/jornalnovametropole.com.br\/wp\/wp-json\/wp\/v2\/comments?post=13994"}],"version-history":[{"count":1,"href":"https:\/\/jornalnovametropole.com.br\/wp\/wp-json\/wp\/v2\/posts\/13994\/revisions"}],"predecessor-version":[{"id":13996,"href":"https:\/\/jornalnovametropole.com.br\/wp\/wp-json\/wp\/v2\/posts\/13994\/revisions\/13996"}],"wp:featuredmedia":[{"embeddable":true,"href":"https:\/\/jornalnovametropole.com.br\/wp\/wp-json\/wp\/v2\/media\/13995"}],"wp:attachment":[{"href":"https:\/\/jornalnovametropole.com.br\/wp\/wp-json\/wp\/v2\/media?parent=13994"}],"wp:term":[{"taxonomy":"category","embeddable":true,"href":"https:\/\/jornalnovametropole.com.br\/wp\/wp-json\/wp\/v2\/categories?post=13994"},{"taxonomy":"post_tag","embeddable":true,"href":"https:\/\/jornalnovametropole.com.br\/wp\/wp-json\/wp\/v2\/tags?post=13994"}],"curies":[{"name":"wp","href":"https:\/\/api.w.org\/{rel}","templated":true}]}}