{"id":13541,"date":"2017-05-27T06:27:39","date_gmt":"2017-05-27T06:27:39","guid":{"rendered":"http:\/\/jornalnovametropole.com.br\/wp\/?p=13541"},"modified":"2017-05-26T19:29:05","modified_gmt":"2017-05-26T19:29:05","slug":"caminhada-acontece-amanha-dia-28","status":"publish","type":"post","link":"https:\/\/jornalnovametropole.com.br\/wp\/caminhada-acontece-amanha-dia-28\/","title":{"rendered":"Caminhada acontece amanh\u00e3, dia 28"},"content":{"rendered":"<h3>Concentra\u00e7\u00e3o ser\u00e1 na frente da Prefeitura, \u00e0s 9h<\/h3>\n<figure id=\"attachment_13542\" aria-describedby=\"caption-attachment-13542\" style=\"width: 900px\" class=\"wp-caption alignnone\"><a href=\"http:\/\/jornalnovametropole.com.br\/wp\/wp-content\/uploads\/2017\/05\/06-abre-Caminhada.jpg\"><img loading=\"lazy\" class=\"size-full wp-image-13542\" src=\"http:\/\/jornalnovametropole.com.br\/wp\/wp-content\/uploads\/2017\/05\/06-abre-Caminhada.jpg\" alt=\"Este ano o itiner\u00e1rio da caminhada ser\u00e1 feito no sentido da rotat\u00f3ria do Col\u00e9gio Objetivo, de onde os participantes retornar\u00e3o \u00e0 Prefeitura Arquivo- Eliandro Figueira RIC\/PMI\" width=\"900\" height=\"600\" srcset=\"https:\/\/jornalnovametropole.com.br\/wp\/wp-content\/uploads\/2017\/05\/06-abre-Caminhada.jpg 900w, https:\/\/jornalnovametropole.com.br\/wp\/wp-content\/uploads\/2017\/05\/06-abre-Caminhada-300x200.jpg 300w\" sizes=\"(max-width: 900px) 100vw, 900px\" \/><\/a><figcaption id=\"caption-attachment-13542\" class=\"wp-caption-text\">Este ano o itiner\u00e1rio da caminhada ser\u00e1 feito no sentido da rotat\u00f3ria do Col\u00e9gio Objetivo, de onde os participantes retornar\u00e3o \u00e0 Prefeitura<br \/>Arquivo- Eliandro Figueira RIC\/PMI<\/figcaption><\/figure>\n<p>A quarta edi\u00e7\u00e3o da Caminhada Aten\u00e7\u00e3o Pela Vida, que \u00e9 uma das a\u00e7\u00f5es do Movimento Maio Amarelo na cidade, acontece amanh\u00e3, dia 28. O evento seria realizado na semana passada, mas foi transferido em virtude da chuva. A Caminhada \u00e9 promovida pelo Observat\u00f3rio Nacional de Seguran\u00e7a Vi\u00e1ria, em parceria com a Prefeitura de Indaiatuba. A concentra\u00e7\u00e3o ser\u00e1 em frente ao Pa\u00e7o Municipal, \u00e0s 9h.<br \/>\nOs participantes receber\u00e3o uma camiseta alusiva ao Movimento e poder\u00e3o se aquecer com uma aula de zumba e alongamento. Ainda em frente \u00e0 Prefeitura ser\u00e1 montada uma minicidade para ensinar as crian\u00e7as a respeitarem as leis de tr\u00e2nsito e um estande com orienta\u00e7\u00f5es sobre a import\u00e2ncia do transporte de crian\u00e7as de modo adequado, com o uso de beb\u00ea-conforto, cadeirinha, assento de eleva\u00e7\u00e3o e cinto de seguran\u00e7a.<br \/>\nEste ano o itiner\u00e1rio da caminhada ser\u00e1 feito no sentido da rotat\u00f3ria do Col\u00e9gio Objetivo, de onde os participantes retornar\u00e3o \u00e0 Prefeitura. Nos anos anteriores a caminhada seguia no sentido da Fiec (Funda\u00e7\u00e3o Indaiatubana de Educa\u00e7\u00e3o e Cultura).<\/p>\n<p>Maio Amarelo<br \/>\nO \u2018Movimento Maio Amarelo\u2019 tem por objetivo chamar a aten\u00e7\u00e3o da sociedade para o alto \u00edndice de mortos e feridos no tr\u00e2nsito em todo o mundo. Criado pelo Observat\u00f3rio Nacional de Seguran\u00e7a Vi\u00e1ria na esteira da determina\u00e7\u00e3o da Assembleia-Geral das Na\u00e7\u00f5es Unidas (ONU) que editou, em mar\u00e7o de 2010, uma resolu\u00e7\u00e3o definindo o per\u00edodo de 2011 a 2020 como a \u201cD\u00e9cada de A\u00e7\u00f5es para a Seguran\u00e7a no Tr\u00e2nsito\u201d, o Maio Amarelo \u00e9 uma a\u00e7\u00e3o coordenada entre o Poder P\u00fablico e a sociedade civil.<br \/>\nA inten\u00e7\u00e3o \u00e9 colocar em pauta a seguran\u00e7a vi\u00e1ria e mobilizar toda a sociedade para discutir o tema, estimulando o cidad\u00e3o a promover atividades voltadas \u00e0 conscientiza\u00e7\u00e3o, ao amplo debate das responsabilidades e \u00e0 avalia\u00e7\u00e3o de riscos sobre o comportamento de cada um, dentro de seus deslocamentos di\u00e1rios no tr\u00e2nsito. A\u00e7\u00f5es s\u00e3o desenvolvidas em todos os estados brasileiros e em outros 26 pa\u00edses nos cinco continentes.<br \/>\nEm 2017, o Maio Amarelo tem como tema \u201cMinha Escolha faz a Diferen\u00e7a\u201d, que visa alertar que no tr\u00e2nsito todos t\u00eam de estar muito atentos para a escolha certa, j\u00e1 que dados apontam que as causas de 90% dos acidentes no pa\u00eds est\u00e3o ligadas a falhas humanas (imper\u00edcia, imprud\u00eancia, entre outros).<br \/>\nOs acidentes de tr\u00e2nsito no Brasil foram respons\u00e1veis em 2014 (\u00faltimos dados oficiais dispon\u00edveis) por cerca de 43 mil mortes. Vale lembrar tamb\u00e9m que, em decorr\u00eancia deles, um contingente extremamente superior passa a conviver com sequelas e invalidez permanente, por exemplo. Al\u00e9m disso, os custos com os acidentes de tr\u00e2nsito representam o montante de R$ 56 bilh\u00f5es que poderiam ser voltados a a\u00e7\u00f5es sociais.<\/p>\n","protected":false},"excerpt":{"rendered":"<p>Concentra\u00e7\u00e3o ser\u00e1 na frente da Prefeitura, \u00e0s 9h A quarta edi\u00e7\u00e3o da Caminhada Aten\u00e7\u00e3o Pela Vida, que \u00e9 uma das<\/p>\n","protected":false},"author":2,"featured_media":13542,"comment_status":"open","ping_status":"open","sticky":false,"template":"","format":"standard","meta":[],"categories":[3],"tags":[778],"_links":{"self":[{"href":"https:\/\/jornalnovametropole.com.br\/wp\/wp-json\/wp\/v2\/posts\/13541"}],"collection":[{"href":"https:\/\/jornalnovametropole.com.br\/wp\/wp-json\/wp\/v2\/posts"}],"about":[{"href":"https:\/\/jornalnovametropole.com.br\/wp\/wp-json\/wp\/v2\/types\/post"}],"author":[{"embeddable":true,"href":"https:\/\/jornalnovametropole.com.br\/wp\/wp-json\/wp\/v2\/users\/2"}],"replies":[{"embeddable":true,"href":"https:\/\/jornalnovametropole.com.br\/wp\/wp-json\/wp\/v2\/comments?post=13541"}],"version-history":[{"count":1,"href":"https:\/\/jornalnovametropole.com.br\/wp\/wp-json\/wp\/v2\/posts\/13541\/revisions"}],"predecessor-version":[{"id":13543,"href":"https:\/\/jornalnovametropole.com.br\/wp\/wp-json\/wp\/v2\/posts\/13541\/revisions\/13543"}],"wp:featuredmedia":[{"embeddable":true,"href":"https:\/\/jornalnovametropole.com.br\/wp\/wp-json\/wp\/v2\/media\/13542"}],"wp:attachment":[{"href":"https:\/\/jornalnovametropole.com.br\/wp\/wp-json\/wp\/v2\/media?parent=13541"}],"wp:term":[{"taxonomy":"category","embeddable":true,"href":"https:\/\/jornalnovametropole.com.br\/wp\/wp-json\/wp\/v2\/categories?post=13541"},{"taxonomy":"post_tag","embeddable":true,"href":"https:\/\/jornalnovametropole.com.br\/wp\/wp-json\/wp\/v2\/tags?post=13541"}],"curies":[{"name":"wp","href":"https:\/\/api.w.org\/{rel}","templated":true}]}}