{"id":13520,"date":"2017-05-27T05:58:06","date_gmt":"2017-05-27T05:58:06","guid":{"rendered":"http:\/\/jornalnovametropole.com.br\/wp\/?p=13520"},"modified":"2017-05-26T18:59:26","modified_gmt":"2017-05-26T18:59:26","slug":"cultura-abre-inscricoes-para-o-salao-de-artes","status":"publish","type":"post","link":"https:\/\/jornalnovametropole.com.br\/wp\/cultura-abre-inscricoes-para-o-salao-de-artes\/","title":{"rendered":"Cultura abre inscri\u00e7\u00f5es para o Sal\u00e3o de Artes"},"content":{"rendered":"<figure id=\"attachment_13521\" aria-describedby=\"caption-attachment-13521\" style=\"width: 900px\" class=\"wp-caption alignnone\"><a href=\"http:\/\/jornalnovametropole.com.br\/wp\/wp-content\/uploads\/2017\/05\/14-Agosto-das-artes.jpg\"><img loading=\"lazy\" class=\"size-full wp-image-13521\" src=\"http:\/\/jornalnovametropole.com.br\/wp\/wp-content\/uploads\/2017\/05\/14-Agosto-das-artes.jpg\" alt=\"Haver\u00e1 premia\u00e7\u00e3o em dinheiro aos participantes sendo R$ 3.000 para o 1\u00ba lugar, R$ 2.000 para o 2\u00ba lugar e R$ 1.000 para o 3\u00ba lugar Arquivo \u2013 Eliandro Figueira  RIC\/PMI\" width=\"900\" height=\"600\" srcset=\"https:\/\/jornalnovametropole.com.br\/wp\/wp-content\/uploads\/2017\/05\/14-Agosto-das-artes.jpg 900w, https:\/\/jornalnovametropole.com.br\/wp\/wp-content\/uploads\/2017\/05\/14-Agosto-das-artes-300x200.jpg 300w\" sizes=\"(max-width: 900px) 100vw, 900px\" \/><\/a><figcaption id=\"caption-attachment-13521\" class=\"wp-caption-text\">Haver\u00e1 premia\u00e7\u00e3o em dinheiro aos participantes sendo R$ 3.000 para o 1\u00ba lugar, R$ 2.000 para o 2\u00ba lugar e R$ 1.000 para o 3\u00ba lugar<br \/>Arquivo \u2013 Eliandro Figueira RIC\/PMI<\/figcaption><\/figure>\n<p>A Prefeitura, atrav\u00e9s da Secretaria de Cultura informa que estar\u00e3o abertas at\u00e9 dia 23 de junho as inscri\u00e7\u00f5es para o 3\u00ba Sal\u00e3o de Artes Visuais. O evento que integra o j\u00e1 tradicional festival Agosto das Artes, realizado anualmente pela Prefeitura, acontece de 4 a 25 de agosto nas depend\u00eancias do Centro de Conven\u00e7\u00f5es Aydil Bonachella e prev\u00ea premia\u00e7\u00e3o dos artistas locais e da RMC, nas diferentes modalidades das Artes Visuais.<br \/>\nAs ades\u00f5es presenciais devem ser feitas no Centro de Conven\u00e7\u00f5es Aydil Bonachella, de segunda a sexta-feira, das 9h \u00e0s 16h30. J\u00e1 as inscri\u00e7\u00f5es pelo correio podem ser postadas at\u00e9 a data-limite de 23 de junho, via Sedex ou PAC, com endere\u00e7amento \u00e0 Rua das Primaveras, 210 \u2013 Jardim Pompeia, Indaiatuba, SP \u2013 Cep: 13345-020. N\u00e3o ser\u00e3o aceitas inscri\u00e7\u00f5es que mesmo postadas dentro do prazo cheguem ao destinat\u00e1rio ap\u00f3s dia 7 de julho.<\/p>\n","protected":false},"excerpt":{"rendered":"<p>A Prefeitura, atrav\u00e9s da Secretaria de Cultura informa que estar\u00e3o abertas at\u00e9 dia 23 de junho as inscri\u00e7\u00f5es para o<\/p>\n","protected":false},"author":2,"featured_media":13521,"comment_status":"open","ping_status":"open","sticky":false,"template":"","format":"standard","meta":[],"categories":[5],"tags":[],"_links":{"self":[{"href":"https:\/\/jornalnovametropole.com.br\/wp\/wp-json\/wp\/v2\/posts\/13520"}],"collection":[{"href":"https:\/\/jornalnovametropole.com.br\/wp\/wp-json\/wp\/v2\/posts"}],"about":[{"href":"https:\/\/jornalnovametropole.com.br\/wp\/wp-json\/wp\/v2\/types\/post"}],"author":[{"embeddable":true,"href":"https:\/\/jornalnovametropole.com.br\/wp\/wp-json\/wp\/v2\/users\/2"}],"replies":[{"embeddable":true,"href":"https:\/\/jornalnovametropole.com.br\/wp\/wp-json\/wp\/v2\/comments?post=13520"}],"version-history":[{"count":1,"href":"https:\/\/jornalnovametropole.com.br\/wp\/wp-json\/wp\/v2\/posts\/13520\/revisions"}],"predecessor-version":[{"id":13522,"href":"https:\/\/jornalnovametropole.com.br\/wp\/wp-json\/wp\/v2\/posts\/13520\/revisions\/13522"}],"wp:featuredmedia":[{"embeddable":true,"href":"https:\/\/jornalnovametropole.com.br\/wp\/wp-json\/wp\/v2\/media\/13521"}],"wp:attachment":[{"href":"https:\/\/jornalnovametropole.com.br\/wp\/wp-json\/wp\/v2\/media?parent=13520"}],"wp:term":[{"taxonomy":"category","embeddable":true,"href":"https:\/\/jornalnovametropole.com.br\/wp\/wp-json\/wp\/v2\/categories?post=13520"},{"taxonomy":"post_tag","embeddable":true,"href":"https:\/\/jornalnovametropole.com.br\/wp\/wp-json\/wp\/v2\/tags?post=13520"}],"curies":[{"name":"wp","href":"https:\/\/api.w.org\/{rel}","templated":true}]}}