{"id":13442,"date":"2017-05-20T07:24:58","date_gmt":"2017-05-20T07:24:58","guid":{"rendered":"http:\/\/jornalnovametropole.com.br\/wp\/?p=13442"},"modified":"2017-05-19T17:51:28","modified_gmt":"2017-05-19T17:51:28","slug":"indaiatuba-e-a-1a-cidde-a-receber-o-certificado","status":"publish","type":"post","link":"https:\/\/jornalnovametropole.com.br\/wp\/indaiatuba-e-a-1a-cidde-a-receber-o-certificado\/","title":{"rendered":"Indaiatuba \u00e9 a 1\u00aa cidde a receber o certificado"},"content":{"rendered":"<h3>Cidade vai trabalhar a conscientiza\u00e7\u00e3o para um tr\u00e2nsito mais seguro o ano todo<\/h3>\n<figure id=\"attachment_13443\" aria-describedby=\"caption-attachment-13443\" style=\"width: 900px\" class=\"wp-caption alignnone\"><a href=\"http:\/\/jornalnovametropole.com.br\/wp\/wp-content\/uploads\/2017\/05\/02-La\u00e7o-Amarelo.jpg\"><img loading=\"lazy\" class=\"size-full wp-image-13443\" src=\"http:\/\/jornalnovametropole.com.br\/wp\/wp-content\/uploads\/2017\/05\/02-La\u00e7o-Amarelo.jpg\" alt=\"Certificado reconhece engajamento da Prefeitura em a\u00e7\u00f5es por um tr\u00e2nsito seguro Giuliano Miranda  RIC\/PMI\" width=\"900\" height=\"600\" srcset=\"https:\/\/jornalnovametropole.com.br\/wp\/wp-content\/uploads\/2017\/05\/02-La\u00e7o-Amarelo.jpg 900w, https:\/\/jornalnovametropole.com.br\/wp\/wp-content\/uploads\/2017\/05\/02-La\u00e7o-Amarelo-300x200.jpg 300w\" sizes=\"(max-width: 900px) 100vw, 900px\" \/><\/a><figcaption id=\"caption-attachment-13443\" class=\"wp-caption-text\">Certificado reconhece engajamento da Prefeitura em a\u00e7\u00f5es por um tr\u00e2nsito seguro<br \/>Giuliano Miranda RIC\/PMI<\/figcaption><\/figure>\n<p>A Prefeitura de Indaiatuba \u00e9 a primeira do pa\u00eds a receber o selo do Programa Munic\u00edpio La\u00e7o Amarelo. Criado pelo Observat\u00f3rio Nacional de Seguran\u00e7a Vi\u00e1ria, o selo reconhece o engajamento do munic\u00edpio nas a\u00e7\u00f5es voltadas a promover a seguran\u00e7a no tr\u00e2nsito. O certificado foi entregue ao prefeito Nilson Gaspar (PMDB), na presen\u00e7a da imprensa local. Na ocasi\u00e3o tamb\u00e9m foi assinado um termo com o Observat\u00f3rio para o desenvolvimento de a\u00e7\u00f5es conjuntas.<br \/>\nCom a certifica\u00e7\u00e3o, a cidade ter\u00e1 uma s\u00e9rie de conte\u00fados oferecidos pelo Observat\u00f3rio para trabalhar a conscientiza\u00e7\u00e3o para um tr\u00e2nsito mais seguro durante todo o ano. \u201cEsse certificado refor\u00e7a ainda mais nosso compromisso em fazer o tr\u00e2nsito de Indaiatuba cada vez mais seguro. Estrutura vi\u00e1ria n\u00f3s j\u00e1 temos e fazemos investimentos cont\u00ednuos nessa \u00e1rea. Agora queremos investir mais em Educa\u00e7\u00e3o no Tr\u00e2nsito para formarmos bem os motoristas do futuro\u201d, refor\u00e7ou o prefeito.<br \/>\nGaspar avisou que est\u00e1 em busca de patroc\u00ednio para implantar o projeto Cidade do Tr\u00e2nsito, um espa\u00e7o destinado exclusivamente para que as crian\u00e7as aprendam na pr\u00e1tica sobre as leis de tr\u00e2nsito. \u201cEstamos vivendo um per\u00edodo de crise e est\u00e1 dif\u00edcil conseguir parceria para esse projeto, mas vou insistir nisso e at\u00e9 o final do meu mandato essa \u2018cidadezinha\u2019 deve ser concretizada\u201d, justificou.<br \/>\nO diretor-presidente do Observat\u00f3rio, Jos\u00e9 Aur\u00e9lio Ramalho, explicou que o programa Munic\u00edpio La\u00e7o Amarelo foi criado em 2017 para condecorar as cidades que querem mudar a percep\u00e7\u00e3o de risco dos moradores com rela\u00e7\u00e3o ao tr\u00e2nsito, al\u00e9m de incentivar a mudan\u00e7a de comportamento dos condutores de ve\u00edculos. \u201cA inten\u00e7\u00e3o \u00e9 ajudar os munic\u00edpios a conscientizar a popula\u00e7\u00e3o n\u00e3o s\u00f3 durante o m\u00eas de maio, mas no restante do ano tamb\u00e9m\u201d, explicou.<br \/>\nO selo La\u00e7o Amarelo foi criado pelo Observat\u00f3rio como uma forma de reconhecer boas a\u00e7\u00f5es e permitir que empresas e governos colaborem ainda mais com projetos estruturados na busca por um tr\u00e2nsito mais seguro. Indaiatuba j\u00e1 \u00e9 um Munic\u00edpio La\u00e7o Amarelo, pelas a\u00e7\u00f5es que desenvolve.<br \/>\nAderindo ao programa, al\u00e9m de um certificado, o munic\u00edpio passa a ter acesso ao Soma (Sistema de Observa\u00e7\u00e3o, Monitoramento e A\u00e7\u00e3o), entre outros benef\u00edcios que tamb\u00e9m se estendem \u00e0s empresas La\u00e7o Amarelo, como o direito de utiliza\u00e7\u00e3o da marca La\u00e7o Amarelo; acesso \u00e0 ferramenta de autoavalia\u00e7\u00e3o em seguran\u00e7a vi\u00e1ria; conte\u00fados e materiais de comunica\u00e7\u00e3o relacionados \u00e0 seguran\u00e7a vi\u00e1ria; acesso a todo acervo de pesquisas, estudos e materiais do Observat\u00f3rio, entre outros.<br \/>\nEm Indaiatuba, tr\u00eas outras frentes de trabalho tamb\u00e9m est\u00e3o sendo discutidas entre a Prefeitura e o Observat\u00f3rio: a implanta\u00e7\u00e3o, como projeto piloto, do conte\u00fado do Observar Educa, material did\u00e1tico-pedag\u00f3gico de Educa\u00e7\u00e3o para o Tr\u00e2nsito que engloba todo o Ensino Fundamental em livros do Professor e Aluno, al\u00e9m de todo referencial te\u00f3rico, para ser implementado na Rede Municipal de Educa\u00e7\u00e3o no pr\u00f3ximo ano. Um outro projeto \u00e9 o \u201cIndaiatuba para na faixa\u201d, uma campanha para que todas as faixas de pedestres da cidade sejam respeitadas por quem est\u00e1 em um ve\u00edculo; e por \u00faltimo, a linha pedag\u00f3gica da Cidade do Tr\u00e2nsito.<\/p>\n<p>Caminhada Aten\u00e7\u00e3o Pela Vida<br \/>\nDurante coletiva \u00e0 imprensa, o prefeito Nilson Gaspar tamb\u00e9m fez o convite \u00e0 popula\u00e7\u00e3o para participar da Caminhada Aten\u00e7\u00e3o Pela Vida, que \u00e9 uma das a\u00e7\u00f5es do Movimento Maio Amarelo na cidade. O evento acontece amanh\u00e3, dia 21 e a concentra\u00e7\u00e3o ser\u00e1 em frente \u00e0 Prefeitura, \u00e0s 9h.<br \/>\nComo nas edi\u00e7\u00f5es anteriores, os participantes receber\u00e3o uma camiseta alusiva ao Movimento e poder\u00e3o se aquecer com uma aula de zumba e alongamento.<\/p>\n","protected":false},"excerpt":{"rendered":"<p>Cidade vai trabalhar a conscientiza\u00e7\u00e3o para um tr\u00e2nsito mais seguro o ano todo A Prefeitura de Indaiatuba \u00e9 a primeira<\/p>\n","protected":false},"author":2,"featured_media":13443,"comment_status":"open","ping_status":"open","sticky":false,"template":"","format":"standard","meta":[],"categories":[3],"tags":[2705],"_links":{"self":[{"href":"https:\/\/jornalnovametropole.com.br\/wp\/wp-json\/wp\/v2\/posts\/13442"}],"collection":[{"href":"https:\/\/jornalnovametropole.com.br\/wp\/wp-json\/wp\/v2\/posts"}],"about":[{"href":"https:\/\/jornalnovametropole.com.br\/wp\/wp-json\/wp\/v2\/types\/post"}],"author":[{"embeddable":true,"href":"https:\/\/jornalnovametropole.com.br\/wp\/wp-json\/wp\/v2\/users\/2"}],"replies":[{"embeddable":true,"href":"https:\/\/jornalnovametropole.com.br\/wp\/wp-json\/wp\/v2\/comments?post=13442"}],"version-history":[{"count":1,"href":"https:\/\/jornalnovametropole.com.br\/wp\/wp-json\/wp\/v2\/posts\/13442\/revisions"}],"predecessor-version":[{"id":13444,"href":"https:\/\/jornalnovametropole.com.br\/wp\/wp-json\/wp\/v2\/posts\/13442\/revisions\/13444"}],"wp:featuredmedia":[{"embeddable":true,"href":"https:\/\/jornalnovametropole.com.br\/wp\/wp-json\/wp\/v2\/media\/13443"}],"wp:attachment":[{"href":"https:\/\/jornalnovametropole.com.br\/wp\/wp-json\/wp\/v2\/media?parent=13442"}],"wp:term":[{"taxonomy":"category","embeddable":true,"href":"https:\/\/jornalnovametropole.com.br\/wp\/wp-json\/wp\/v2\/categories?post=13442"},{"taxonomy":"post_tag","embeddable":true,"href":"https:\/\/jornalnovametropole.com.br\/wp\/wp-json\/wp\/v2\/tags?post=13442"}],"curies":[{"name":"wp","href":"https:\/\/api.w.org\/{rel}","templated":true}]}}