{"id":12833,"date":"2017-04-15T05:08:58","date_gmt":"2017-04-15T05:08:58","guid":{"rendered":"http:\/\/jornalnovametropole.com.br\/wp\/?p=12833"},"modified":"2017-04-13T19:09:38","modified_gmt":"2017-04-13T19:09:38","slug":"fatec-promove-semana-de-libras","status":"publish","type":"post","link":"https:\/\/jornalnovametropole.com.br\/wp\/fatec-promove-semana-de-libras\/","title":{"rendered":"Fatec promove Semana de Libras"},"content":{"rendered":"<p>O NELF (N\u00facleo de Estudos da Linguagem das Fatecs) promover\u00e1 Semana de Libras, sob a coordena\u00e7\u00e3o das professoras Magali Bar\u00e7ante (coordenadora do NELF) e L\u00edgia Cristina de Souza Canova (respons\u00e1vel pela \u00e1rea de Libras).<br \/>\nA Semana de Libras contar\u00e1 com palestras e roda de conversa com profissionais da \u00e1rea, e acontece de 24 a 28, nas depend\u00eancias da Fatec de Indaiatuba \u2013 Dr. Archimedes Lammoglia.<br \/>\nA participa\u00e7\u00e3o \u00e9 gratuita. Havendo grande procura, vagas limitadas.<\/p>\n<p>programa\u00e7\u00e3o<\/p>\n<p>Dia 24 \u2013 das 19h30 \u00e0s 20h30 (segunda)<br \/>\nPalestra: \u201cEu CODA, Voc\u00ea Surdo, Ele Ouvinte\u201d<br \/>\nProfa. Adriana Venancino e Andr\u00e9a Venancino<\/p>\n<p>Dia 25 &#8211; 7\u2013 das 19h \u00e0s 20h30 (ter\u00e7a)<br \/>\nPalestra: \u201cA Escrita da Libras: Signwriting e Escola\u201d<br \/>\nProfa. Salom\u00e9 Dallan<\/p>\n<p>Dia 26 \u2013 das 19h \u00e0s 20h30 (quarta)<br \/>\nPalestra: \u201cPensando as Posi\u00e7\u00f5es do Sujeito Surdo e Sua Identidade\u201d<br \/>\nProfa. Juliana Pellegrinelli<\/p>\n<p>Dia 27 \u2013 das 19h \u00e0s 20h30 (quinta)<br \/>\nRoda de Conversa: \u201cPlanejamento Pedag\u00f3gico da Escola como Primeiro Passo Para a Adapta\u00e7\u00e3o\u201d<br \/>\nProfa. Talita Cris<\/p>\n<p>Dia 28 \u2013 das 19h30 \u00e0s 21h (sexta)<br \/>\nPalestra: \u201cConflitos \u00c9ticos do Int\u00e9rprete de Libras na Sala de Aula Inclusiva\u201d<br \/>\nProfa. Andrea Rosa<\/p>\n","protected":false},"excerpt":{"rendered":"<p>O NELF (N\u00facleo de Estudos da Linguagem das Fatecs) promover\u00e1 Semana de Libras, sob a coordena\u00e7\u00e3o das professoras Magali Bar\u00e7ante<\/p>\n","protected":false},"author":2,"featured_media":0,"comment_status":"open","ping_status":"open","sticky":false,"template":"","format":"standard","meta":[],"categories":[3],"tags":[38],"_links":{"self":[{"href":"https:\/\/jornalnovametropole.com.br\/wp\/wp-json\/wp\/v2\/posts\/12833"}],"collection":[{"href":"https:\/\/jornalnovametropole.com.br\/wp\/wp-json\/wp\/v2\/posts"}],"about":[{"href":"https:\/\/jornalnovametropole.com.br\/wp\/wp-json\/wp\/v2\/types\/post"}],"author":[{"embeddable":true,"href":"https:\/\/jornalnovametropole.com.br\/wp\/wp-json\/wp\/v2\/users\/2"}],"replies":[{"embeddable":true,"href":"https:\/\/jornalnovametropole.com.br\/wp\/wp-json\/wp\/v2\/comments?post=12833"}],"version-history":[{"count":1,"href":"https:\/\/jornalnovametropole.com.br\/wp\/wp-json\/wp\/v2\/posts\/12833\/revisions"}],"predecessor-version":[{"id":12834,"href":"https:\/\/jornalnovametropole.com.br\/wp\/wp-json\/wp\/v2\/posts\/12833\/revisions\/12834"}],"wp:attachment":[{"href":"https:\/\/jornalnovametropole.com.br\/wp\/wp-json\/wp\/v2\/media?parent=12833"}],"wp:term":[{"taxonomy":"category","embeddable":true,"href":"https:\/\/jornalnovametropole.com.br\/wp\/wp-json\/wp\/v2\/categories?post=12833"},{"taxonomy":"post_tag","embeddable":true,"href":"https:\/\/jornalnovametropole.com.br\/wp\/wp-json\/wp\/v2\/tags?post=12833"}],"curies":[{"name":"wp","href":"https:\/\/api.w.org\/{rel}","templated":true}]}}