{"id":12748,"date":"2017-04-08T06:57:28","date_gmt":"2017-04-08T06:57:28","guid":{"rendered":"http:\/\/jornalnovametropole.com.br\/wp\/?p=12748"},"modified":"2017-04-07T16:00:08","modified_gmt":"2017-04-07T16:00:08","slug":"exsa-retoma-obras-do-jd-mantova","status":"publish","type":"post","link":"https:\/\/jornalnovametropole.com.br\/wp\/exsa-retoma-obras-do-jd-mantova\/","title":{"rendered":"Exsa retoma obras do Jd. Mantova"},"content":{"rendered":"<figure id=\"attachment_12749\" aria-describedby=\"caption-attachment-12749\" style=\"width: 900px\" class=\"wp-caption alignnone\"><a href=\"http:\/\/jornalnovametropole.com.br\/wp\/wp-content\/uploads\/2017\/04\/09-Exsa.jpg\"><img loading=\"lazy\" class=\"size-full wp-image-12749\" src=\"http:\/\/jornalnovametropole.com.br\/wp\/wp-content\/uploads\/2017\/04\/09-Exsa.jpg\" alt=\"Pelo novo cronograma, empreendimento deve ficar pronto em at\u00e9 12 meses\" width=\"900\" height=\"429\" srcset=\"https:\/\/jornalnovametropole.com.br\/wp\/wp-content\/uploads\/2017\/04\/09-Exsa.jpg 900w, https:\/\/jornalnovametropole.com.br\/wp\/wp-content\/uploads\/2017\/04\/09-Exsa-300x143.jpg 300w\" sizes=\"(max-width: 900px) 100vw, 900px\" \/><\/a><figcaption id=\"caption-attachment-12749\" class=\"wp-caption-text\">Pelo novo cronograma, empreendimento deve ficar pronto em at\u00e9 12 meses<\/figcaption><\/figure>\n<p>A Exsa Empreendimentos retomou esta semana as obras do Jardim Mantova, empreendimento que ficou paralisado por um ano em raz\u00e3o de um embargo sofrido atrav\u00e9s de uma a\u00e7\u00e3o do Minist\u00e9rio P\u00fablico. A empresa respons\u00e1vel pela execu\u00e7\u00e3o dos trabalhos j\u00e1 foi contratada e assumiu as obras na segunda-feira (3).<br \/>\nSegundo Jair Italiani, gestor de marketing da Exsa, o empreendimento foi embargado em mar\u00e7o do ano passado em raz\u00e3o de um assoreamento involunt\u00e1rio que ocorreu em um lago pr\u00f3ximo: \u201ctomamos os cuidados necess\u00e1rios com barreiras de conten\u00e7\u00e3o, mas n\u00e3o foram suficientes. Em um per\u00edodo de chuvas intensas naquele m\u00eas de mar\u00e7o, enquanto as ruas eram cortadas e a terra bruta estava sendo trabalhada, houve o escoamento de material para a parte baixa da \u00e1rea que se acumulou ao redor do lago. Um vizinho acionou o Minist\u00e9rio P\u00fablico que pediu que a Cetesb fizesse um laudo a respeito\u201d explica. Ainda segundo Italiani a Cetesb vistoriou o empreendimento em menos de 30 dias depois de acionada, mas s\u00f3 no final de janeiro desse ano emitiu seu parecer favor\u00e1vel ao t\u00e9rmino das obras.<br \/>\nBaseado nesse documento a Exsa assinou um Termo de Ajustamento de Conduta com o Minist\u00e9rio P\u00fablico dia 15 de mar\u00e7o. Os engenheiros da empresa calculam que o empreendimento ficar\u00e1 pronto em at\u00e9 12 meses, pelo novo cronograma apresentado ao diretor-presidente da Exsa, Durval Sombini Filho.<br \/>\nPara Sombini esse foi um evento isolado, pois em 12 anos de exist\u00eancia a Exsa nunca sofreu um problema semelhante. \u201cDesde que come\u00e7amos, j\u00e1 entregamos mais de 10 mil unidades, entre comerciais e residenciais, isso significa uma m\u00e9dia superior a oitocentas unidades por ano de exist\u00eancia e nunca tivemos, at\u00e9 ent\u00e3o, uma obra sequer embargada\u201d, lembra.<br \/>\nSombini lembrou que os \u00faltimos dois anos e meio foram muito dif\u00edceis para o setor imobili\u00e1rio e n\u00e3o foi diferente tamb\u00e9m para a Exsa. \u201cEnquanto muitas empresas do segmento n\u00e3o suportaram a crise e est\u00e3o amargando grandes preju\u00edzos ou encerrando suas opera\u00e7\u00f5es, n\u00f3s estamos entregando nossos produtos e superando as dificuldades\u201d, arrematou. Para refor\u00e7ar ele aponta que o Sindicato da Habita\u00e7\u00e3o divulgou esta semana que na cidade de S\u00e3o Paulo foram comercializadas 622 unidades em janeiro, o pior resultado da hist\u00f3ria, 22% menos que o mesmo per\u00edodo do ano anterior. \u201cPara uma cidade de 10 milh\u00f5es de habitantes isso n\u00e3o \u00e9 nada e foi tamb\u00e9m um per\u00edodo em que menos se lan\u00e7ou im\u00f3vel na capital: foram 52 de pequenos empreendimentos horizontais. Uma retra\u00e7\u00e3o de oferta de 94,6% em rela\u00e7\u00e3o ao ano passado. Por outro lado aqui em Indaiatuba a Exsa vai lan\u00e7ar um empreendimento, na regi\u00e3o de Itaici, com mais 400 lotes residenciais, a partir de 300m\u00b2, com as obras muito adiantadas. No segundo semestre outro nos mesmos moldes em parceria com a dupla Chit\u00e3ozinho e Xoror\u00f3\u201d, arremata.<\/p>\n","protected":false},"excerpt":{"rendered":"<p>A Exsa Empreendimentos retomou esta semana as obras do Jardim Mantova, empreendimento que ficou paralisado por um ano em raz\u00e3o<\/p>\n","protected":false},"author":2,"featured_media":12749,"comment_status":"open","ping_status":"open","sticky":false,"template":"","format":"standard","meta":[],"categories":[3],"tags":[2605],"_links":{"self":[{"href":"https:\/\/jornalnovametropole.com.br\/wp\/wp-json\/wp\/v2\/posts\/12748"}],"collection":[{"href":"https:\/\/jornalnovametropole.com.br\/wp\/wp-json\/wp\/v2\/posts"}],"about":[{"href":"https:\/\/jornalnovametropole.com.br\/wp\/wp-json\/wp\/v2\/types\/post"}],"author":[{"embeddable":true,"href":"https:\/\/jornalnovametropole.com.br\/wp\/wp-json\/wp\/v2\/users\/2"}],"replies":[{"embeddable":true,"href":"https:\/\/jornalnovametropole.com.br\/wp\/wp-json\/wp\/v2\/comments?post=12748"}],"version-history":[{"count":1,"href":"https:\/\/jornalnovametropole.com.br\/wp\/wp-json\/wp\/v2\/posts\/12748\/revisions"}],"predecessor-version":[{"id":12750,"href":"https:\/\/jornalnovametropole.com.br\/wp\/wp-json\/wp\/v2\/posts\/12748\/revisions\/12750"}],"wp:featuredmedia":[{"embeddable":true,"href":"https:\/\/jornalnovametropole.com.br\/wp\/wp-json\/wp\/v2\/media\/12749"}],"wp:attachment":[{"href":"https:\/\/jornalnovametropole.com.br\/wp\/wp-json\/wp\/v2\/media?parent=12748"}],"wp:term":[{"taxonomy":"category","embeddable":true,"href":"https:\/\/jornalnovametropole.com.br\/wp\/wp-json\/wp\/v2\/categories?post=12748"},{"taxonomy":"post_tag","embeddable":true,"href":"https:\/\/jornalnovametropole.com.br\/wp\/wp-json\/wp\/v2\/tags?post=12748"}],"curies":[{"name":"wp","href":"https:\/\/api.w.org\/{rel}","templated":true}]}}