{"id":12123,"date":"2017-03-04T05:33:30","date_gmt":"2017-03-04T05:33:30","guid":{"rendered":"http:\/\/jornalnovametropole.com.br\/wp\/?p=12123"},"modified":"2017-03-03T18:34:21","modified_gmt":"2017-03-03T18:34:21","slug":"alunos-tem-orientacao-profissional","status":"publish","type":"post","link":"https:\/\/jornalnovametropole.com.br\/wp\/alunos-tem-orientacao-profissional\/","title":{"rendered":"Alunos t\u00eam orienta\u00e7\u00e3o profissional"},"content":{"rendered":"<p>Escolher a carreira profissional ainda no Ensino M\u00e9dio \u00e9 um dos maiores desafios enfrentados pelos jovens nesse per\u00edodo da vida. Para auxili\u00e1-los nessa tarefa, o Col\u00e9gio Montreal oferece Orienta\u00e7\u00e3o Profissional com suporte de um psic\u00f3logo.<br \/>\nO projeto de Orienta\u00e7\u00e3o Profissional tem como p\u00fablico principal os alunos da 3\u00aa s\u00e9rie do Ensino M\u00e9dio, mas abrange tamb\u00e9m os das 1\u00aas e 2\u00aas s\u00e9ries.<br \/>\n\u201cDurante os encontros s\u00e3o feitas din\u00e2micas de grupo e orienta\u00e7\u00e3o individual com aplica\u00e7\u00e3o de testes psicol\u00f3gicos de personalidade e orienta\u00e7\u00e3o profissional com o intuito de promover o autoconhecimento\u201d, explica o psic\u00f3logo e professor Antonio Lucas Cavalcante da Silva.<br \/>\nOs alunos recebem orienta\u00e7\u00f5es sobre as profiss\u00f5es e o mercado de trabalho, as universidades e os vestibulares, \u00e1reas de pesquisa, tipos de processos seletivos e ainda \u00e9 auxiliado a elaborar um roteiro de estudos.<\/p>\n","protected":false},"excerpt":{"rendered":"<p>Escolher a carreira profissional ainda no Ensino M\u00e9dio \u00e9 um dos maiores desafios enfrentados pelos jovens nesse per\u00edodo da vida.<\/p>\n","protected":false},"author":2,"featured_media":0,"comment_status":"open","ping_status":"open","sticky":false,"template":"","format":"standard","meta":[],"categories":[5],"tags":[1162],"_links":{"self":[{"href":"https:\/\/jornalnovametropole.com.br\/wp\/wp-json\/wp\/v2\/posts\/12123"}],"collection":[{"href":"https:\/\/jornalnovametropole.com.br\/wp\/wp-json\/wp\/v2\/posts"}],"about":[{"href":"https:\/\/jornalnovametropole.com.br\/wp\/wp-json\/wp\/v2\/types\/post"}],"author":[{"embeddable":true,"href":"https:\/\/jornalnovametropole.com.br\/wp\/wp-json\/wp\/v2\/users\/2"}],"replies":[{"embeddable":true,"href":"https:\/\/jornalnovametropole.com.br\/wp\/wp-json\/wp\/v2\/comments?post=12123"}],"version-history":[{"count":1,"href":"https:\/\/jornalnovametropole.com.br\/wp\/wp-json\/wp\/v2\/posts\/12123\/revisions"}],"predecessor-version":[{"id":12124,"href":"https:\/\/jornalnovametropole.com.br\/wp\/wp-json\/wp\/v2\/posts\/12123\/revisions\/12124"}],"wp:attachment":[{"href":"https:\/\/jornalnovametropole.com.br\/wp\/wp-json\/wp\/v2\/media?parent=12123"}],"wp:term":[{"taxonomy":"category","embeddable":true,"href":"https:\/\/jornalnovametropole.com.br\/wp\/wp-json\/wp\/v2\/categories?post=12123"},{"taxonomy":"post_tag","embeddable":true,"href":"https:\/\/jornalnovametropole.com.br\/wp\/wp-json\/wp\/v2\/tags?post=12123"}],"curies":[{"name":"wp","href":"https:\/\/api.w.org\/{rel}","templated":true}]}}