{"id":11087,"date":"2016-12-03T06:34:28","date_gmt":"2016-12-03T06:34:28","guid":{"rendered":"http:\/\/jornalnovametropole.com.br\/wp\/?p=11087"},"modified":"2016-12-02T18:36:06","modified_gmt":"2016-12-02T18:36:06","slug":"tragedia-aerea-abala-o-mundo-todo-forcachape","status":"publish","type":"post","link":"https:\/\/jornalnovametropole.com.br\/wp\/tragedia-aerea-abala-o-mundo-todo-forcachape\/","title":{"rendered":"Trag\u00e9dia a\u00e9rea abala o mundo todo #for\u00e7achape"},"content":{"rendered":"<h3>Milhares de pessoas prestam homenagem ao time da Chapecoense<\/h3>\n<figure id=\"attachment_11088\" aria-describedby=\"caption-attachment-11088\" style=\"width: 900px\" class=\"wp-caption alignnone\"><a href=\"http:\/\/jornalnovametropole.com.br\/wp\/wp-content\/uploads\/2016\/12\/08-Acidente.jpg\"><img loading=\"lazy\" class=\"size-full wp-image-11088\" src=\"http:\/\/jornalnovametropole.com.br\/wp\/wp-content\/uploads\/2016\/12\/08-Acidente.jpg\" alt=\"Primeiras conclus\u00f5es sobre o acidente apontam para falta de combust\u00edvel da aeronave da Lamia FuerzaAereaColombiana\" width=\"900\" height=\"506\" srcset=\"https:\/\/jornalnovametropole.com.br\/wp\/wp-content\/uploads\/2016\/12\/08-Acidente.jpg 900w, https:\/\/jornalnovametropole.com.br\/wp\/wp-content\/uploads\/2016\/12\/08-Acidente-300x169.jpg 300w\" sizes=\"(max-width: 900px) 100vw, 900px\" \/><\/a><figcaption id=\"caption-attachment-11088\" class=\"wp-caption-text\">Primeiras conclus\u00f5es sobre o acidente apontam para falta de combust\u00edvel da aeronave da Lamia<br \/>FuerzaAereaColombiana<\/figcaption><\/figure>\n<p>O Brasil e o mundo parou na ter\u00e7a-feira (29) ao receber a not\u00edcia de uma das maiores trag\u00e9dias da hist\u00f3ria dos desastres a\u00e9reos envolvendo times de futebol. Foram 71 mortos, sendo 19 jogadores do time da Chepecoense (SC), comiss\u00e3o t\u00e9cnica, dirigentes, entre outras v\u00edtimas, em Medell\u00edn, na Col\u00f4mbia. Seis pessoas sobreviveram e foram levadas a tr\u00eas hospitais. Entre os sobreviventes est\u00e3o o goleiro Jackson Follmann, que teve uma das pernas amputadas, o lateral-direito Alan Ruschel (les\u00e3o na coluna) e o zagueiro Neto (hematoma craniano, no abd\u00f4men e t\u00f3rax). Tamb\u00e9m estavam a bordo 21 profissionais de imprensa. Apenas Rafael Henzel, narrador da r\u00e1dio Oeste Capital, de Chapec\u00f3 (SC), foi resgatado com vida. Dentre os tripulantes, dois sa\u00edram com vida, Erwin Tumiri e Ximena Su\u00e1rez.<br \/>\nA delega\u00e7\u00e3o do clube estava a bordo do avi\u00e3o para a disputa do primeiro jogo da final da Copa Sul-Americana contra o Atl\u00e9tico Nacional.<br \/>\nO informe da Aeron\u00e1utica Civil (Aerocivil), \u00f3rg\u00e3o que cuida do funcionamento da avia\u00e7\u00e3o na Col\u00f4mbia, disse que a aeronave caiu aproximadamente \u00e0s 22h30 desta segunda-feira (28) (1h30 de ter\u00e7a no hor\u00e1rio de Bras\u00edlia) a 30 quil\u00f4metros de dist\u00e2ncia do aeroporto. O avi\u00e3o vinha de Santa Cruz de La Sierra, na Bol\u00edvia, e pertencia \u00e0 empresa LaMia, cuja matr\u00edcula \u00e9 LMI2933 RJ80.<br \/>\nNa tarde de ter\u00e7a-feira (29) foram encontradas as caixas-pretas do avi\u00e3o, equipamentos fundamentais para a investiga\u00e7\u00e3o por conter as grava\u00e7\u00f5es dos di\u00e1logos entre piloto e torre de controle minutos antes da trag\u00e9dia. \u201cPodemos afirmar claramente que a aeronave n\u00e3o tinha combust\u00edvel no momento do impacto\u201d, disse Fred-<br \/>\ndy Bonilla, secret\u00e1rio de Seguran\u00e7a A\u00e9rea da Col\u00f4mbia, sobre os primeiros resultados preliminares da investiga\u00e7\u00e3o.<br \/>\nA tripula\u00e7\u00e3o pediu prioridade para pousar em raz\u00e3o da falta de combust\u00edvel \u00e0 0h48 (hor\u00e1rio de Bras\u00edlia). Quatro minutos depois, \u00e0 0h52, declarou emerg\u00eancia. Os destro\u00e7os foram encontrados a 17 km do aeroporto Jos\u00e9 Mar\u00eda C\u00f3rdova.<br \/>\nEm entrevista a um jornal boliviano, o tripulante Erwin Tumiri, um dos sobreviventes da trag\u00e9dia, revelou que escapou da morte ao seguir um protocolo de seguran\u00e7a recomendado para acidentes a\u00e9reos. Ele permaneceu em posi\u00e7\u00e3o fetal com uma mala entre as pernas, o que amenizou o impacto da queda. Segundo o profissional, com o p\u00e2nico, muitos levantaram dos seus assentos e come\u00e7aram a gritar.<br \/>\nNeto, um dos jogadores resgados com vida, passou por uma cirurgia bem-sucedida com drenos no t\u00f3rax. Contudo, o atleta ainda ter\u00e1 que fazer cirurgias no joelho, m\u00e3o, nariz e cr\u00e2nio, todas de repara\u00e7\u00e3o, segundo o chefe dos m\u00e9dicos. O goleiro Jackson Follmann teve de amputar a perna direita do joelho para baixo e tamb\u00e9m deve se submeter a uma nova cirurgia em seus membros inferiores. J\u00e1 o lateral Alan Ruschel, primeiro a ser resgatado, passou por uma cirurgia na coluna. Sua situa\u00e7\u00e3o \u00e9 est\u00e1vel no momento. O narrador Rafael Henzel est\u00e1 sedado e entubado, desde que foi internado.<br \/>\nSegundo informa\u00e7\u00f5es, os familiares dos jogadores mortos ser\u00e3o indenizados pela CBF e pela pr\u00f3pria Chapecoense. Ambas tamb\u00e9m bancar\u00e3o as despesas dos funerais.<\/p>\n<p>como\u00e7\u00e3o<br \/>\nA trag\u00e9dia comoveu todas as redes sociais. Em um luto coletivo, no Twitter, por volta das 12h da ter\u00e7a-feira (29), a hashtag mais compartilhada no mundo era #For\u00e7aChape.<br \/>\nA diretoria do Atl\u00e9tico Nacional de Medell\u00edn, advers\u00e1rio da Chapecoense na final da Copa Sul-Americana, sugeriu \u00e0 Conmebol que declarasse a equipe catarinense campe\u00e3 da competi\u00e7\u00e3o continental. \u201cAl\u00e9m de estarmos muito preocupados pela parte humana, pensamos no aspecto competitivo e queremos publicar esse comunicado no qual o Atl\u00e9tico Nacional convida a Conmebol a entregar o t\u00edtulo da Copa Sul-Americana \u00e0 Associa\u00e7\u00e3o Chapecoense de Futebol por sua grande perda e em homenagem p\u00f3stuma \u00e0s v\u00edtimas fatais do acidente\u201d, diz a nota oficial.<br \/>\nNo hor\u00e1rio marcado para o jogo contra a Chapecoense, pela primeira partida da final da Copa Sul-Americana, o Atl\u00e9tico Nacional preparou uma homenagem. Vestidos de branco e segurando velas e celulares, cerca de 52 mil torcedores do clube colombiano lotaram o est\u00e1dio Atanasio Girardot para lembrar os envolvidos. No fim, flores foram jogadas no gramado pelos torcedores.<br \/>\nComo forma de solidariedade, clubes brasileiros lan\u00e7aram um pacote de medidas ao time da Chape. Modesto Roma J\u00fanior, presidente do Santos, afirmou que o clube vai pagar integralmente os sal\u00e1rios de jogadores que eventualmente emprestar \u00e0 Chapecoense como parte de uma a\u00e7\u00e3o coletiva de agremia\u00e7\u00f5es brasileiras para ajudar a equipe catarinense a se recuperar do desastre a\u00e9reo.<br \/>\nDurante sua participa\u00e7\u00e3o no Programa Encontro com F\u00e1tima Bernardes, o narrador Galv\u00e3o Bueno desabafou com l\u00e1grimas nos olhos: \u201cesse \u00e9 o pior momento que eu vivo em 42 anos de carreira\u201d. Galv\u00e3o afirmou n\u00e3o ter mais vontade de narrar futebol neste ano.<\/p>\n<p>time<br \/>\nO clube foi fundado em 1973. Em apenas sete anos, a Associa\u00e7\u00e3o Chapecoense de Futebol saiu do anonimato para se tornar uma das maiores sensa\u00e7\u00e3o do futebol brasileiro.<br \/>\nEm 2016, a Chapecoense conseguiu classifica\u00e7\u00e3o in\u00e9dita para a final da Sul-Americana. Disputaria a decis\u00e3o na quarta-feira (30). No Campeonato Brasileiro, ocupa a nona posi\u00e7\u00e3o.<br \/>\nAo saber da trag\u00e9dia, centenas de torcedores permanecem em vig\u00edlia na Arena Cond\u00e1.<\/p>\n<p>NOTA anj<br \/>\nEm nota, Marcelo Rech vice-presidente Editorial do Grupo RBS, presidente da Associa\u00e7\u00e3o Nacional de Jornais (ANJ) e presidente do F\u00f3rum Mundial de Editores, afirmou: \u201cembora a morte seja um fato presente no nosso cotidiano, nunca estamos preparados para lidar profissionalmente com a trag\u00e9dia quando ela, sorrateira e repentinamente, nos atinge em cheio. Seja porque estamos em constante movimento, porque testemunhamos tiroteios, brigas e manifesta\u00e7\u00f5es violentas ou porque, \u00e0s vezes, somos os \u00fanicos a querer entrar em lugares de onde todos querem sair, profissionais da comunica\u00e7\u00e3o sentem com frequ\u00eancia a mesma dor das pessoas que protagonizam coberturas tr\u00e1gicas.<br \/>\nAl\u00e9m da sombra dos acidentes e dos conflitos, jornalistas s\u00e3o alvos com triste regularidade de agress\u00f5es por quem quer calar a verdade e a liberdade de express\u00e3o. Mesmo assim, o risco de morte \u00e9 raramente comentado entre n\u00f3s. Trata-se de uma esp\u00e9cie de supersti\u00e7\u00e3o: imaginamos que, quanto menos falarmos dela, mais distante ela dever\u00e1 se manter.<br \/>\nInfelizmente, nada mais falso nesse epis\u00f3dio. A morte de 20 profissionais em um acidente \u00e9 uma das maiores trag\u00e9dias que j\u00e1 atingiu a imprensa mundial na hist\u00f3ria recente. Em todas as latitudes e longitudes, o mundo do jornalismo est\u00e1 abalado e consternado como raramente se viu antes.<br \/>\nOs 20 profissionais da comunica\u00e7\u00e3o que estavam no voo charter haviam sido escolhidos a dedo para a miss\u00e3o. Participar da cobertura de uma final internacional \u00e9 uma pauta reservada a poucos &#8211; uma esp\u00e9cie de condecora\u00e7\u00e3o jornal\u00edstica ansiada por todos que atuam na imprensa esportiva. Os colegas que morreram na Col\u00f4mbia, entre os quais cinco queridos companheiros da RBS, eram exemplos dessa estirpe &#8211; combinavam seu talento com um dos momentos mais gloriosos do futebol catarinense e a paix\u00e3o de informar.<br \/>\nEm nenhuma atividade h\u00e1 morte nobre &#8211; s\u00f3 h\u00e1 mortes e dramas pessoais e familiares a se lamentar e se solidarizar. Mas as duas dezenas de profissionais que perderam a vida nas montanhas colombianas deixam a suas fam\u00edlias, amigos e colegas a eterna admira\u00e7\u00e3o e respeito por quem, como eles, n\u00e3o mediam esfor\u00e7os por levar informa\u00e7\u00e3o ao p\u00fablico. Essa sim \u00e9 uma miss\u00e3o nobre e fundamental para a sociedade e, por isso, os colegas mortos permanecer\u00e3o para sempre como uma luz a inspirar a profiss\u00e3o e as pr\u00f3ximas gera\u00e7\u00f5es de jornalistas\u201d.<\/p>\n","protected":false},"excerpt":{"rendered":"<p>Milhares de pessoas prestam homenagem ao time da Chapecoense O Brasil e o mundo parou na ter\u00e7a-feira (29) ao receber<\/p>\n","protected":false},"author":2,"featured_media":11088,"comment_status":"open","ping_status":"open","sticky":false,"template":"","format":"standard","meta":[],"categories":[3],"tags":[2311],"_links":{"self":[{"href":"https:\/\/jornalnovametropole.com.br\/wp\/wp-json\/wp\/v2\/posts\/11087"}],"collection":[{"href":"https:\/\/jornalnovametropole.com.br\/wp\/wp-json\/wp\/v2\/posts"}],"about":[{"href":"https:\/\/jornalnovametropole.com.br\/wp\/wp-json\/wp\/v2\/types\/post"}],"author":[{"embeddable":true,"href":"https:\/\/jornalnovametropole.com.br\/wp\/wp-json\/wp\/v2\/users\/2"}],"replies":[{"embeddable":true,"href":"https:\/\/jornalnovametropole.com.br\/wp\/wp-json\/wp\/v2\/comments?post=11087"}],"version-history":[{"count":1,"href":"https:\/\/jornalnovametropole.com.br\/wp\/wp-json\/wp\/v2\/posts\/11087\/revisions"}],"predecessor-version":[{"id":11089,"href":"https:\/\/jornalnovametropole.com.br\/wp\/wp-json\/wp\/v2\/posts\/11087\/revisions\/11089"}],"wp:featuredmedia":[{"embeddable":true,"href":"https:\/\/jornalnovametropole.com.br\/wp\/wp-json\/wp\/v2\/media\/11088"}],"wp:attachment":[{"href":"https:\/\/jornalnovametropole.com.br\/wp\/wp-json\/wp\/v2\/media?parent=11087"}],"wp:term":[{"taxonomy":"category","embeddable":true,"href":"https:\/\/jornalnovametropole.com.br\/wp\/wp-json\/wp\/v2\/categories?post=11087"},{"taxonomy":"post_tag","embeddable":true,"href":"https:\/\/jornalnovametropole.com.br\/wp\/wp-json\/wp\/v2\/tags?post=11087"}],"curies":[{"name":"wp","href":"https:\/\/api.w.org\/{rel}","templated":true}]}}