{"id":11035,"date":"2016-12-03T05:09:25","date_gmt":"2016-12-03T05:09:25","guid":{"rendered":"http:\/\/jornalnovametropole.com.br\/wp\/?p=11035"},"modified":"2016-12-02T17:10:59","modified_gmt":"2016-12-02T17:10:59","slug":"ciclismo-vence-na-elite-e-e-campeao","status":"publish","type":"post","link":"https:\/\/jornalnovametropole.com.br\/wp\/ciclismo-vence-na-elite-e-e-campeao\/","title":{"rendered":"Ciclismo vence na elite e \u00e9 campe\u00e3o"},"content":{"rendered":"<figure id=\"attachment_11036\" aria-describedby=\"caption-attachment-11036\" style=\"width: 900px\" class=\"wp-caption alignnone\"><a href=\"http:\/\/jornalnovametropole.com.br\/wp\/wp-content\/uploads\/2016\/12\/12-Ciclismo.jpg\"><img loading=\"lazy\" class=\"size-full wp-image-11036\" src=\"http:\/\/jornalnovametropole.com.br\/wp\/wp-content\/uploads\/2016\/12\/12-Ciclismo.jpg\" alt=\"Equipe ficou em primeiro lugar no ranking do ano em tr\u00eas categorias LSC\" width=\"900\" height=\"597\" srcset=\"https:\/\/jornalnovametropole.com.br\/wp\/wp-content\/uploads\/2016\/12\/12-Ciclismo.jpg 900w, https:\/\/jornalnovametropole.com.br\/wp\/wp-content\/uploads\/2016\/12\/12-Ciclismo-300x199.jpg 300w\" sizes=\"(max-width: 900px) 100vw, 900px\" \/><\/a><figcaption id=\"caption-attachment-11036\" class=\"wp-caption-text\">Equipe ficou em primeiro lugar no ranking do ano em tr\u00eas categorias<br \/>LSC<\/figcaption><\/figure>\n<p>A equipe de ciclismo ADI\/Secretaria de Esportes foi a grande campe\u00e3 geral do Campeonato Metropolitano, considerado um dos mais tradicionais e disputados circuitos do pa\u00eds, reunindo atletas de todo o Brasil. A conquista foi oficializada ap\u00f3s a disputa da \u00faltima etapa, no dia 27 de novembro, e que levou ao 1\u00ba lugar do ranking geral Claudemir Manoel na categoria Elite Masculino, Milton Takahara na categoria Master A e Luis Carlos Godoy na categoria S\u00eanior B, al\u00e9m do vice-campeonato para Cintia Vidal para categoria Elite Feminino e para Ant\u00f4nio Garcia na categoria Master A. \u201cEstas vit\u00f3rias s\u00e3o in\u00e9ditas para o grupo de atletas que contribu\u00edram para o desempenho da equipe ao longo do ano est\u00e3o de parab\u00e9ns, pois todos colaboraram para que f\u00f4ssemos considerados pela Liga Santista os campe\u00f5es gerais da competi\u00e7\u00e3o\u201d, comenta o t\u00e9cnico Armando Camargo.<\/p>\n","protected":false},"excerpt":{"rendered":"<p>A equipe de ciclismo ADI\/Secretaria de Esportes foi a grande campe\u00e3 geral do Campeonato Metropolitano, considerado um dos mais tradicionais<\/p>\n","protected":false},"author":2,"featured_media":11036,"comment_status":"open","ping_status":"open","sticky":false,"template":"","format":"standard","meta":[],"categories":[4],"tags":[2302],"_links":{"self":[{"href":"https:\/\/jornalnovametropole.com.br\/wp\/wp-json\/wp\/v2\/posts\/11035"}],"collection":[{"href":"https:\/\/jornalnovametropole.com.br\/wp\/wp-json\/wp\/v2\/posts"}],"about":[{"href":"https:\/\/jornalnovametropole.com.br\/wp\/wp-json\/wp\/v2\/types\/post"}],"author":[{"embeddable":true,"href":"https:\/\/jornalnovametropole.com.br\/wp\/wp-json\/wp\/v2\/users\/2"}],"replies":[{"embeddable":true,"href":"https:\/\/jornalnovametropole.com.br\/wp\/wp-json\/wp\/v2\/comments?post=11035"}],"version-history":[{"count":1,"href":"https:\/\/jornalnovametropole.com.br\/wp\/wp-json\/wp\/v2\/posts\/11035\/revisions"}],"predecessor-version":[{"id":11037,"href":"https:\/\/jornalnovametropole.com.br\/wp\/wp-json\/wp\/v2\/posts\/11035\/revisions\/11037"}],"wp:featuredmedia":[{"embeddable":true,"href":"https:\/\/jornalnovametropole.com.br\/wp\/wp-json\/wp\/v2\/media\/11036"}],"wp:attachment":[{"href":"https:\/\/jornalnovametropole.com.br\/wp\/wp-json\/wp\/v2\/media?parent=11035"}],"wp:term":[{"taxonomy":"category","embeddable":true,"href":"https:\/\/jornalnovametropole.com.br\/wp\/wp-json\/wp\/v2\/categories?post=11035"},{"taxonomy":"post_tag","embeddable":true,"href":"https:\/\/jornalnovametropole.com.br\/wp\/wp-json\/wp\/v2\/tags?post=11035"}],"curies":[{"name":"wp","href":"https:\/\/api.w.org\/{rel}","templated":true}]}}