{"id":11019,"date":"2016-12-03T04:53:33","date_gmt":"2016-12-03T04:53:33","guid":{"rendered":"http:\/\/jornalnovametropole.com.br\/wp\/?p=11019"},"modified":"2016-12-02T17:01:14","modified_gmt":"2016-12-02T17:01:14","slug":"uma-mistura-de-estilo-e-muita-atitude","status":"publish","type":"post","link":"https:\/\/jornalnovametropole.com.br\/wp\/uma-mistura-de-estilo-e-muita-atitude\/","title":{"rendered":"Uma mistura de estilo e muita atitude"},"content":{"rendered":"<h3>A inspira\u00e7\u00e3o da semana\u00a0\u00e9 a atriz Mariana Rios<\/h3>\n<figure id=\"attachment_11021\" aria-describedby=\"caption-attachment-11021\" style=\"width: 842px\" class=\"wp-caption alignnone\"><a href=\"http:\/\/jornalnovametropole.com.br\/wp\/wp-content\/uploads\/2016\/12\/20-Beleza-7.jpg\"><img loading=\"lazy\" class=\"size-full wp-image-11021\" src=\"http:\/\/jornalnovametropole.com.br\/wp\/wp-content\/uploads\/2016\/12\/20-Beleza-7.jpg\" alt=\"fotos: divulga\u00e7\u00e3o\/ Degrad\u00e9e do Shopping Tijuca\" width=\"842\" height=\"900\" srcset=\"https:\/\/jornalnovametropole.com.br\/wp\/wp-content\/uploads\/2016\/12\/20-Beleza-7.jpg 842w, https:\/\/jornalnovametropole.com.br\/wp\/wp-content\/uploads\/2016\/12\/20-Beleza-7-281x300.jpg 281w\" sizes=\"(max-width: 842px) 100vw, 842px\" \/><\/a><figcaption id=\"caption-attachment-11021\" class=\"wp-caption-text\">fotos: divulga\u00e7\u00e3o\/ Degrad\u00e9e do Shopping Tijuca<\/figcaption><\/figure>\n<p>A atriz e apresentadora do \u2018The Voice Brasil\u2019, Mariana Rios exibiu em seu perfil do Instagram um penteado com um toque descontra\u00eddo. Para uma campanha publicit\u00e1ria, a atriz usou um coque despojado e elegante no alto da cabe\u00e7a.<br \/>\nA estudante B\u00e1rbara Quintanilha, de 23 anos, reproduziu o penteado e aprovou o resultado pela versatilidade.<br \/>\n\u201cUsaria tanto para uma festa de casamento como para sair \u00e0 noite com amigos.\u201d &#8211; comenta a jovem.<br \/>\nQuem fez o coque na B\u00e1rbara foi F\u00e1tima Faria, do Walter\u2019s Coiffeur Niter\u00f3i (telefone: 2620-1495).<br \/>\n\u201cO penteado n\u00e3o precisa de muita arruma\u00e7\u00e3o, mas n\u00e3o abra m\u00e3o do spray e do \u00f3leo finalizador\u201d, aconselha.<\/p>\n<p><a href=\"http:\/\/jornalnovametropole.com.br\/wp\/wp-content\/uploads\/2016\/12\/NM031216_20.jpg\"><img loading=\"lazy\" class=\"alignnone size-full wp-image-11020\" src=\"http:\/\/jornalnovametropole.com.br\/wp\/wp-content\/uploads\/2016\/12\/NM031216_20.jpg\" alt=\"nm031216_20\" width=\"900\" height=\"350\" srcset=\"https:\/\/jornalnovametropole.com.br\/wp\/wp-content\/uploads\/2016\/12\/NM031216_20.jpg 900w, https:\/\/jornalnovametropole.com.br\/wp\/wp-content\/uploads\/2016\/12\/NM031216_20-300x117.jpg 300w\" sizes=\"(max-width: 900px) 100vw, 900px\" \/><\/a><\/p>\n","protected":false},"excerpt":{"rendered":"<p>A inspira\u00e7\u00e3o da semana\u00a0\u00e9 a atriz Mariana Rios A atriz e apresentadora do \u2018The Voice Brasil\u2019, Mariana Rios exibiu em<\/p>\n","protected":false},"author":2,"featured_media":11021,"comment_status":"open","ping_status":"open","sticky":false,"template":"","format":"standard","meta":[],"categories":[231],"tags":[1659],"_links":{"self":[{"href":"https:\/\/jornalnovametropole.com.br\/wp\/wp-json\/wp\/v2\/posts\/11019"}],"collection":[{"href":"https:\/\/jornalnovametropole.com.br\/wp\/wp-json\/wp\/v2\/posts"}],"about":[{"href":"https:\/\/jornalnovametropole.com.br\/wp\/wp-json\/wp\/v2\/types\/post"}],"author":[{"embeddable":true,"href":"https:\/\/jornalnovametropole.com.br\/wp\/wp-json\/wp\/v2\/users\/2"}],"replies":[{"embeddable":true,"href":"https:\/\/jornalnovametropole.com.br\/wp\/wp-json\/wp\/v2\/comments?post=11019"}],"version-history":[{"count":1,"href":"https:\/\/jornalnovametropole.com.br\/wp\/wp-json\/wp\/v2\/posts\/11019\/revisions"}],"predecessor-version":[{"id":11022,"href":"https:\/\/jornalnovametropole.com.br\/wp\/wp-json\/wp\/v2\/posts\/11019\/revisions\/11022"}],"wp:featuredmedia":[{"embeddable":true,"href":"https:\/\/jornalnovametropole.com.br\/wp\/wp-json\/wp\/v2\/media\/11021"}],"wp:attachment":[{"href":"https:\/\/jornalnovametropole.com.br\/wp\/wp-json\/wp\/v2\/media?parent=11019"}],"wp:term":[{"taxonomy":"category","embeddable":true,"href":"https:\/\/jornalnovametropole.com.br\/wp\/wp-json\/wp\/v2\/categories?post=11019"},{"taxonomy":"post_tag","embeddable":true,"href":"https:\/\/jornalnovametropole.com.br\/wp\/wp-json\/wp\/v2\/tags?post=11019"}],"curies":[{"name":"wp","href":"https:\/\/api.w.org\/{rel}","templated":true}]}}