{"id":10632,"date":"2016-11-05T05:26:05","date_gmt":"2016-11-05T05:26:05","guid":{"rendered":"http:\/\/jornalnovametropole.com.br\/wp\/?p=10632"},"modified":"2016-11-04T16:27:21","modified_gmt":"2016-11-04T16:27:21","slug":"churrasco-de-domingo-e-vilao-do-aquecimento-global","status":"publish","type":"post","link":"https:\/\/jornalnovametropole.com.br\/wp\/churrasco-de-domingo-e-vilao-do-aquecimento-global\/","title":{"rendered":"Churrasco de domingo \u00e9 vil\u00e3o do aquecimento global"},"content":{"rendered":"<figure id=\"attachment_10633\" aria-describedby=\"caption-attachment-10633\" style=\"width: 900px\" class=\"wp-caption alignnone\"><a href=\"http:\/\/jornalnovametropole.com.br\/wp\/wp-content\/uploads\/2016\/11\/09-Emiss\u00e3o-de-g\u00e1s.jpg\"><img loading=\"lazy\" class=\"size-full wp-image-10633\" src=\"http:\/\/jornalnovametropole.com.br\/wp\/wp-content\/uploads\/2016\/11\/09-Emiss\u00e3o-de-g\u00e1s.jpg\" alt=\"A agropecu\u00e1ria \u00e9 respons\u00e1vel pela libera\u00e7\u00e3o de grande quantidade de g\u00e1s divulga\u00e7\u00e3o\" width=\"900\" height=\"675\" srcset=\"https:\/\/jornalnovametropole.com.br\/wp\/wp-content\/uploads\/2016\/11\/09-Emiss\u00e3o-de-g\u00e1s.jpg 900w, https:\/\/jornalnovametropole.com.br\/wp\/wp-content\/uploads\/2016\/11\/09-Emiss\u00e3o-de-g\u00e1s-300x225.jpg 300w\" sizes=\"(max-width: 900px) 100vw, 900px\" \/><\/a><figcaption id=\"caption-attachment-10633\" class=\"wp-caption-text\">A agropecu\u00e1ria \u00e9 respons\u00e1vel pela libera\u00e7\u00e3o de grande quantidade de g\u00e1s<br \/>divulga\u00e7\u00e3o<\/figcaption><\/figure>\n<p>Para especialistas, churrasco de domingo \u00e9 vil\u00e3o do aquecimento global. A picanha, a fraldinha e a maminha, bem salgadas, feitas na brasa est\u00e3o se tornando inimigas do clima. \u00c9 que a carne, desde a cria\u00e7\u00e3o do gado at\u00e9 a mesa do brasileiro, \u00e9 respons\u00e1vel pela libera\u00e7\u00e3o de grande quantidade de gases que causam o aquecimento global, segundo o Observat\u00f3rio do Clima (OC). A recomenda\u00e7\u00e3o \u00e9 que o consumo de carne de boi seja menor e a produ\u00e7\u00e3o mais<br \/>\neficiente.<br \/>\nOs impactos causados pela agropecu\u00e1ria s\u00e3o respons\u00e1veis por 69% das emiss\u00f5es de gases de efeito estufa do Brasil. Est\u00e3o inclusos na conta poluentes decorrentes do processo digestivo e dejetos de rebanhos, o uso de fertilizantes e o desmatamento (43% das emiss\u00f5es).<br \/>\nOs n\u00fameros s\u00e3o do Sistema de Estimativa de Emiss\u00e3o de Gases de Efeito Estufa (Seeg), do Observat\u00f3rio do Clima.<br \/>\nDe acordo com a coordenadora de Clima e Agropecu\u00e1ria do Instituto de Manejo e Certifica\u00e7\u00e3o Florestal e Agr\u00edcola (Imaflora), Marian Piatto, somente o gado de corte \u00e9 respons\u00e1vel por 65% das emiss\u00f5es de gases de efeito estufa na agropecu\u00e1ria.<br \/>\nEla explica que um dos problemas est\u00e1 no sistema digestivo dos animais com dificuldades de processar o capim. \u201cO gado, quando se alimenta do capim, explicando de uma maneira simples, elimina metano por meio do arroto e do pum. N\u00e3o \u00e9 como nos carros, que vemos uma fuma\u00e7a cinza, mas s\u00e3o poluentes\u201d.<br \/>\nMarina lembra que o pa\u00eds tem um dos maiores rebanhos do mundo, cerca de 200 milh\u00f5es de animais, o que agrava o problema. \u201c\u00c9 quase um por pessoa\u201d, comparou.<br \/>\nPara chegar aos 69% das emiss\u00f5es nacionais do setor agropecu\u00e1rio, o coordenador do Sistema de Estimativa de Emiss\u00e3o de Gases de Efeito Estufa, Tasso Azevedo, acrescenta que, al\u00e9m dos problemas com o gado, entram na conta o transporte da carga, que, na maioria das vezes, usa diesel, o mais poluente dos combust\u00edveis e o desmatamento para cria\u00e7\u00e3o de pasto. Na Amaz\u00f4nia, onde avan\u00e7a o uso de terras para a atividade, \u00e9 comum a ocupa\u00e7\u00e3o de \u00e1reas derrubadas com o gado, denunciou Eron Martins, do Instituto Imazon.<br \/>\n\u201cA rela\u00e7\u00e3o entre a pecu\u00e1ria e o desmatamento \u00e9 muito estreita porque a pecu\u00e1ria tem uma fluidez econ\u00f4mica muito r\u00e1pida, o que facilita coloc\u00e1-la nos locais de expans\u00e3o (desmatadas) para ter o direito daquela \u00e1rea mais tarde\u201d, disse Martins. Ele contou que \u00e9 comum a extra\u00e7\u00e3o de madeira deixar \u00e1reas degradadas que, em seguida, acabam revertidas em pasto.<\/p>\n","protected":false},"excerpt":{"rendered":"<p>Para especialistas, churrasco de domingo \u00e9 vil\u00e3o do aquecimento global. A picanha, a fraldinha e a maminha, bem salgadas, feitas<\/p>\n","protected":false},"author":2,"featured_media":10633,"comment_status":"open","ping_status":"open","sticky":false,"template":"","format":"standard","meta":[],"categories":[3],"tags":[26],"_links":{"self":[{"href":"https:\/\/jornalnovametropole.com.br\/wp\/wp-json\/wp\/v2\/posts\/10632"}],"collection":[{"href":"https:\/\/jornalnovametropole.com.br\/wp\/wp-json\/wp\/v2\/posts"}],"about":[{"href":"https:\/\/jornalnovametropole.com.br\/wp\/wp-json\/wp\/v2\/types\/post"}],"author":[{"embeddable":true,"href":"https:\/\/jornalnovametropole.com.br\/wp\/wp-json\/wp\/v2\/users\/2"}],"replies":[{"embeddable":true,"href":"https:\/\/jornalnovametropole.com.br\/wp\/wp-json\/wp\/v2\/comments?post=10632"}],"version-history":[{"count":1,"href":"https:\/\/jornalnovametropole.com.br\/wp\/wp-json\/wp\/v2\/posts\/10632\/revisions"}],"predecessor-version":[{"id":10634,"href":"https:\/\/jornalnovametropole.com.br\/wp\/wp-json\/wp\/v2\/posts\/10632\/revisions\/10634"}],"wp:featuredmedia":[{"embeddable":true,"href":"https:\/\/jornalnovametropole.com.br\/wp\/wp-json\/wp\/v2\/media\/10633"}],"wp:attachment":[{"href":"https:\/\/jornalnovametropole.com.br\/wp\/wp-json\/wp\/v2\/media?parent=10632"}],"wp:term":[{"taxonomy":"category","embeddable":true,"href":"https:\/\/jornalnovametropole.com.br\/wp\/wp-json\/wp\/v2\/categories?post=10632"},{"taxonomy":"post_tag","embeddable":true,"href":"https:\/\/jornalnovametropole.com.br\/wp\/wp-json\/wp\/v2\/tags?post=10632"}],"curies":[{"name":"wp","href":"https:\/\/api.w.org\/{rel}","templated":true}]}}