{"id":10305,"date":"2016-10-15T06:06:58","date_gmt":"2016-10-15T06:06:58","guid":{"rendered":"http:\/\/jornalnovametropole.com.br\/wp\/?p=10305"},"modified":"2016-10-14T15:08:18","modified_gmt":"2016-10-14T15:08:18","slug":"visita-pedagogica-proporciona-reflexao","status":"publish","type":"post","link":"https:\/\/jornalnovametropole.com.br\/wp\/visita-pedagogica-proporciona-reflexao\/","title":{"rendered":"Visita pedag\u00f3gica proporciona reflex\u00e3o"},"content":{"rendered":"<figure id=\"attachment_10306\" aria-describedby=\"caption-attachment-10306\" style=\"width: 900px\" class=\"wp-caption alignnone\"><a href=\"http:\/\/jornalnovametropole.com.br\/wp\/wp-content\/uploads\/2016\/10\/15-Alunos-do-Ensino-Medio-do-Colegio-Montreal-em-visita-ao-Memorial-da-Resistencia-em-Sao-Paulo-Copia.jpg\"><img loading=\"lazy\" class=\"size-full wp-image-10306\" src=\"http:\/\/jornalnovametropole.com.br\/wp\/wp-content\/uploads\/2016\/10\/15-Alunos-do-Ensino-Medio-do-Colegio-Montreal-em-visita-ao-Memorial-da-Resistencia-em-Sao-Paulo-Copia.jpg\" alt=\"Alunos do Col\u00e9gio Montreal em visita ao Memorial da Resist\u00eancia divulga\u00e7\u00e3o\" width=\"900\" height=\"620\" srcset=\"https:\/\/jornalnovametropole.com.br\/wp\/wp-content\/uploads\/2016\/10\/15-Alunos-do-Ensino-Medio-do-Colegio-Montreal-em-visita-ao-Memorial-da-Resistencia-em-Sao-Paulo-Copia.jpg 900w, https:\/\/jornalnovametropole.com.br\/wp\/wp-content\/uploads\/2016\/10\/15-Alunos-do-Ensino-Medio-do-Colegio-Montreal-em-visita-ao-Memorial-da-Resistencia-em-Sao-Paulo-Copia-300x207.jpg 300w\" sizes=\"(max-width: 900px) 100vw, 900px\" \/><\/a><figcaption id=\"caption-attachment-10306\" class=\"wp-caption-text\">Alunos do Col\u00e9gio Montreal em visita ao Memorial da Resist\u00eancia<br \/>divulga\u00e7\u00e3o<\/figcaption><\/figure>\n<p>Os alunos do Ensino M\u00e9dio do Col\u00e9gio Montreal estiveram na capital paulista, no dia 6, onde visitaram a Pinacoteca do Estado, o Memorial da Resist\u00eancia e o Memorial da Am\u00e9rica Latina. O objetivo dessa excurs\u00e3o foi proporcionar aos alunos a viv\u00eancia de diversos temas abordados em sala de aula, nas disciplinas de Arte, Hist\u00f3ria, Geografia e Literatura.<br \/>\n\u201cA cultura hist\u00f3rica \u00e9 constru\u00edda a partir de in\u00fameros discursos textuais, imag\u00e9ticos, orais, materiais, midi\u00e1ticos e art\u00edsticos que dialogam entre si e s\u00e3o organizados de forma a criar mem\u00f3rias hist\u00f3ricas. Assim, a atividade prop\u00f4s uma reflex\u00e3o em torno da cultura hist\u00f3rica sobre o Brasil e a Am\u00e9rica Latina atrav\u00e9s da visita\u00e7\u00e3o de espa\u00e7os de mem\u00f3ria, buscando compreender o papel desses discursos na elabora\u00e7\u00e3o, difus\u00e3o e preserva\u00e7\u00e3o da mem\u00f3ria hist\u00f3rica\u201d, afirma Elton Rigotto, professor de Hist\u00f3ria do Col\u00e9gio Montreal.<\/p>\n","protected":false},"excerpt":{"rendered":"<p>Os alunos do Ensino M\u00e9dio do Col\u00e9gio Montreal estiveram na capital paulista, no dia 6, onde visitaram a Pinacoteca do<\/p>\n","protected":false},"author":2,"featured_media":10306,"comment_status":"open","ping_status":"open","sticky":false,"template":"","format":"standard","meta":[],"categories":[5],"tags":[1242],"_links":{"self":[{"href":"https:\/\/jornalnovametropole.com.br\/wp\/wp-json\/wp\/v2\/posts\/10305"}],"collection":[{"href":"https:\/\/jornalnovametropole.com.br\/wp\/wp-json\/wp\/v2\/posts"}],"about":[{"href":"https:\/\/jornalnovametropole.com.br\/wp\/wp-json\/wp\/v2\/types\/post"}],"author":[{"embeddable":true,"href":"https:\/\/jornalnovametropole.com.br\/wp\/wp-json\/wp\/v2\/users\/2"}],"replies":[{"embeddable":true,"href":"https:\/\/jornalnovametropole.com.br\/wp\/wp-json\/wp\/v2\/comments?post=10305"}],"version-history":[{"count":1,"href":"https:\/\/jornalnovametropole.com.br\/wp\/wp-json\/wp\/v2\/posts\/10305\/revisions"}],"predecessor-version":[{"id":10307,"href":"https:\/\/jornalnovametropole.com.br\/wp\/wp-json\/wp\/v2\/posts\/10305\/revisions\/10307"}],"wp:featuredmedia":[{"embeddable":true,"href":"https:\/\/jornalnovametropole.com.br\/wp\/wp-json\/wp\/v2\/media\/10306"}],"wp:attachment":[{"href":"https:\/\/jornalnovametropole.com.br\/wp\/wp-json\/wp\/v2\/media?parent=10305"}],"wp:term":[{"taxonomy":"category","embeddable":true,"href":"https:\/\/jornalnovametropole.com.br\/wp\/wp-json\/wp\/v2\/categories?post=10305"},{"taxonomy":"post_tag","embeddable":true,"href":"https:\/\/jornalnovametropole.com.br\/wp\/wp-json\/wp\/v2\/tags?post=10305"}],"curies":[{"name":"wp","href":"https:\/\/api.w.org\/{rel}","templated":true}]}}