{"id":1008,"date":"2014-12-01T11:28:57","date_gmt":"2014-12-01T11:28:57","guid":{"rendered":"http:\/\/jornalnovametropole.com.br\/wp\/?p=1008"},"modified":"2014-12-01T11:33:06","modified_gmt":"2014-12-01T11:33:06","slug":"mulheres-descobriram-o-pai-ja-adultas","status":"publish","type":"post","link":"https:\/\/jornalnovametropole.com.br\/wp\/mulheres-descobriram-o-pai-ja-adultas\/","title":{"rendered":"Mulheres descobriram o pai j\u00e1 adultas"},"content":{"rendered":"<h3>Elas contam de que forma criaram la\u00e7os afetivos com o pai<\/h3>\n<p><a href=\"http:\/\/jornalnovametropole.com.br\/wp\/wp-content\/uploads\/2014\/12\/18-Pai-1.jpg\"><img loading=\"lazy\" class=\"alignleft size-medium wp-image-1009\" src=\"http:\/\/jornalnovametropole.com.br\/wp\/wp-content\/uploads\/2014\/12\/18-Pai-1-200x300.jpg\" alt=\"fotos: divulga\u00e7\u00e3o\" width=\"200\" height=\"300\" srcset=\"https:\/\/jornalnovametropole.com.br\/wp\/wp-content\/uploads\/2014\/12\/18-Pai-1-200x300.jpg 200w, https:\/\/jornalnovametropole.com.br\/wp\/wp-content\/uploads\/2014\/12\/18-Pai-1.jpg 267w\" sizes=\"(max-width: 200px) 100vw, 200px\" \/><\/a><\/p>\n<p>&nbsp;<\/p>\n<p>A falta de um pai pode causar feridas profundas em meninas que crescem sem o seu calor e a sua prote\u00e7\u00e3o. Um poss\u00edvel encontro depois de anos, no entanto, reserva emo\u00e7\u00f5es fortes para os cora\u00e7\u00f5es femininos que reinventam la\u00e7os afetivos com algu\u00e9m ausente no passado.<br \/>\nAssim como a Cristina (Leandra Leal) de \u2018Imp\u00e9rio\u2019, que descobriu Jos\u00e9 Alfredo (Alexandre Nero) como pai e agora passa por um per\u00edodo de aceita\u00e7\u00e3o familiar e identifica\u00e7\u00e3o com o comendador, outras mulheres da vida real viveram a mesma experi\u00eancia.<br \/>\n\u201cNo nosso primeiro encontro, nos olhamos e ele estava vestido igual a mim. Tivemos um choque, comecei a chorar e tentar contar toda a minha vida, como se quisesse resumi-la\u201d recorda Giuliana San Martini Libar, que conheceu o pai aos 19 anos. Para ele, o encontro tamb\u00e9m foi inesquec\u00edvel.<br \/>\n\u201cAcho que \u00e9 uma sensa\u00e7\u00e3o semelhante a ver uma crian\u00e7a nascendo. A paternidade se tornou real para mim. Nessa hora, pude saber para quem era tudo o que eu fazia na vida\u201d explica o ator Marcio Libar.<br \/>\nConhe\u00e7a algumas hist\u00f3rias de amor entre pais e filhas, que tardaram, mas n\u00e3o falharam.<\/p>\n<p>&nbsp;<\/p>\n<p>Elizabeth Marins<br \/>\nGerente de vendas, 44 anos<\/p>\n<p>\u201cMinha m\u00e3e era funcion\u00e1ria da empresa do meu pai e engravidou de mim e depois do meu irm\u00e3o, mas ele j\u00e1 era casado e n\u00e3o nos assumiu. No ano passado, aos 43 anos, senti uma lacuna na minha vida e decidi procur\u00e1-lo. O \u2018Cristina\u2019 do meu nome foi sugest\u00e3o dele. Nunca gostei, mas n\u00e3o sabia por qu\u00ea. Quando fui ao encontro dele, estava cheia de receio e com um pouco de raiva. Mas, na hora do encontro, a emo\u00e7\u00e3o quebrou todas as minhas expectativas e deixamos aquilo para tr\u00e1s. N\u00e3o tenho mais rancor. Minha fam\u00edlia sempre foi pobre. Disse para ele que n\u00e3o queria dinheiro, queria que me reconhecesse como filha, e ele fez isso. Dispensamos o exame de DNA. Achava que ele era arrogante, mas n\u00e3o vi isso quando o encontrei. Ele foi carinhoso e emotivo. Ele teve um c\u00e2ncer h\u00e1 uns anos e me contou que o tempo todo em que esteve internado s\u00f3 pensava nos filhos que n\u00e3o tinha conhecido. Ele enxergava a doen\u00e7a como uma puni\u00e7\u00e3o.<\/p>\n<p>Giuliana Libar<br \/>\nEmpres\u00e1ria, 28 anos<\/p>\n<p>\u201cMeus pais tiveram um relacionamento de tr\u00eas meses, e minha m\u00e3e engravidou. Ele queria me assumir, mas meu av\u00f4 materno falou para ele sumir porque era negro e pobre. A fam\u00edlia dela \u00e9 de uma classe social mais alta. Meus av\u00f3s queriam que ela abortasse, e minha m\u00e3e fugiu para a casa de uma tia, a minha madrinha, que me criou. Ela mentiu dizendo que eu era filha de um namorado que teve na \u00e9poca. At\u00e9 que em um casamento da fam\u00edlia este homem apareceu e, sem saber o porqu\u00ea, eu pedi para fazer o exame de DNA. Deu negativo. Com 16 anos, jurei que n\u00e3o queria saber mais nada de pai. Naquela \u00e9poca, meu pai fazia 40 anos e foi fazer seu mapa astral. O astr\u00f3logo perguntou se ele tinha problemas com filhos e disse que devia ir atr\u00e1s de mim. O Orkut estava se popularizando, e um tio conseguiu me descobrir usando o nome da minha m\u00e3e. Ele me mandou e-mail e fomos nos encontrar. Moramos nove anos juntos. Por um tempo, voltei a ficar infantil de novo. \u00c9 impressionante ver como a fam\u00edlia dele tem o mesmo la\u00e7o afetivo da fam\u00edlia em que eu cresci. Agora acredito em contos de fada\u201d.<\/p>\n<p>Tha\u00edssa Evelyn<br \/>\nDona de casa, 31 anos<\/p>\n<p>\u201cA minha m\u00e3e teve um namoro r\u00e1pido com meu pai (Jovilson Dantas, na foto detalhe). Ele disse que eu era filha de outro e ela descobriu que meu pai j\u00e1 tinha uma fam\u00edlia e que a mulher dele tamb\u00e9m estava gr\u00e1vida. Minha m\u00e3e nunca me fez sentir raiva. Uma vez, me levou, aos 9 anos, para v\u00ea-lo. Lembro vagamente de ele me tratar mal. Aos 14, assistindo ao \u2018Caldeir\u00e3o do Huck\u2019, acabei vendo o meu pai participando de uma brincadeira. Vi que morava perto. Decidi que ele teria que me assumir. Foi a melhor decis\u00e3o da minha vida. Conversei com uma vizinha advogada e exigi que ele fizesse o exame de DNA. Eu tinha 18 anos quando o resultado chegou. Fomos nos encontrar. No primeiro Dia dos Pais com ele, eu escrevi uma carta falando tudo, ainda n\u00e3o convers\u00e1vamos a fundo sobre isso. Nossa personalidade \u00e9 muito parecida. Convivemos por cinco anos e est\u00e1vamos criando uma amizade muito forte quando ele morreu em um acidente de carro. Mas herdei toda a fam\u00edlia. Tenho dois irm\u00e3os (abaixo) e uma madrasta que \u00e9 um amor. Hoje, fa\u00e7o tudo para meu marido estar o mais pr\u00f3ximo poss\u00edvel da nossa filha, Bruna, de 2 anos\u201d.<\/p>\n<p><a href=\"http:\/\/jornalnovametropole.com.br\/wp\/wp-content\/uploads\/2014\/12\/18-Pai-5.jpg\"><img loading=\"lazy\" class=\"alignleft size-medium wp-image-1012\" src=\"http:\/\/jornalnovametropole.com.br\/wp\/wp-content\/uploads\/2014\/12\/18-Pai-5-300x200.jpg\" alt=\"18---Pai-5\" width=\"300\" height=\"200\" srcset=\"https:\/\/jornalnovametropole.com.br\/wp\/wp-content\/uploads\/2014\/12\/18-Pai-5-300x200.jpg 300w, https:\/\/jornalnovametropole.com.br\/wp\/wp-content\/uploads\/2014\/12\/18-Pai-5.jpg 599w\" sizes=\"(max-width: 300px) 100vw, 300px\" \/><\/a><\/p>\n","protected":false},"excerpt":{"rendered":"<p>Elas contam de que forma criaram la\u00e7os afetivos com o pai &nbsp; A falta de um pai pode causar feridas<\/p>\n","protected":false},"author":1,"featured_media":1009,"comment_status":"open","ping_status":"open","sticky":false,"template":"","format":"standard","meta":[],"categories":[5],"tags":[215],"_links":{"self":[{"href":"https:\/\/jornalnovametropole.com.br\/wp\/wp-json\/wp\/v2\/posts\/1008"}],"collection":[{"href":"https:\/\/jornalnovametropole.com.br\/wp\/wp-json\/wp\/v2\/posts"}],"about":[{"href":"https:\/\/jornalnovametropole.com.br\/wp\/wp-json\/wp\/v2\/types\/post"}],"author":[{"embeddable":true,"href":"https:\/\/jornalnovametropole.com.br\/wp\/wp-json\/wp\/v2\/users\/1"}],"replies":[{"embeddable":true,"href":"https:\/\/jornalnovametropole.com.br\/wp\/wp-json\/wp\/v2\/comments?post=1008"}],"version-history":[{"count":3,"href":"https:\/\/jornalnovametropole.com.br\/wp\/wp-json\/wp\/v2\/posts\/1008\/revisions"}],"predecessor-version":[{"id":1013,"href":"https:\/\/jornalnovametropole.com.br\/wp\/wp-json\/wp\/v2\/posts\/1008\/revisions\/1013"}],"wp:featuredmedia":[{"embeddable":true,"href":"https:\/\/jornalnovametropole.com.br\/wp\/wp-json\/wp\/v2\/media\/1009"}],"wp:attachment":[{"href":"https:\/\/jornalnovametropole.com.br\/wp\/wp-json\/wp\/v2\/media?parent=1008"}],"wp:term":[{"taxonomy":"category","embeddable":true,"href":"https:\/\/jornalnovametropole.com.br\/wp\/wp-json\/wp\/v2\/categories?post=1008"},{"taxonomy":"post_tag","embeddable":true,"href":"https:\/\/jornalnovametropole.com.br\/wp\/wp-json\/wp\/v2\/tags?post=1008"}],"curies":[{"name":"wp","href":"https:\/\/api.w.org\/{rel}","templated":true}]}}